{"id":3012,"date":"2025-01-11T04:11:36","date_gmt":"2025-01-11T03:11:36","guid":{"rendered":"https:\/\/sites.ffkarate.fr\/ligueguadeloupe\/?p=3012"},"modified":"2025-01-11T04:12:37","modified_gmt":"2025-01-11T03:12:37","slug":"23-janvier-2025-initiation-au-karate-sante-en-milieu-scolaire","status":"publish","type":"post","link":"https:\/\/sites.ffkarate.fr\/ligueguadeloupe\/2025\/01\/11\/23-janvier-2025-initiation-au-karate-sante-en-milieu-scolaire\/","title":{"rendered":"23 Janvier 2025 : Initiation au Karat\u00e9 Sant\u00e9 en milieu scolaire"},"content":{"rendered":"<div class=\"wpb-content-wrapper\"><p>[vc_row][vc_column][vc_column_text]<\/p>\n<p style=\"text-align: center\">La <span style=\"color: #0000ff\"><strong>L<\/strong>igue <strong>G<\/strong>uadeloup\u00e9enne de <strong>K<\/strong>arat\u00e9 et <strong>D<\/strong>isciplines <strong>A<\/strong>ssoci\u00e9es<\/span><\/p>\n<p style=\"text-align: center\">en partenariat avec<\/p>\n<p style=\"text-align: center\">Le <strong><span style=\"color: #33cccc\">Lyc\u00e9e<\/span><\/strong> <strong><span style=\"color: #cc0670\">Gerty<\/span>\u00a0<span style=\"color: #999999\">Archim\u00e8de<\/span><\/strong><\/p>\n<p style=\"text-align: center\">Organisent une journ\u00e9e de sensibilisation au Karat\u00e9 Sant\u00e9 au Lyc\u00e9e Gerty Archim\u00e8de situ\u00e9 \u00e0 Morne \u00e0 l&rsquo;Eau.<\/p>\n<p>&nbsp;<\/p>\n<p>&nbsp;<\/p>\n<p>Pour tout renseignement veuillez contacter :<\/p>\n<p><em>Hugues LAMBEAU au 0690 599 905<\/em><\/p>\n<p><em>Responsable D\u00e9veloppement Karat\u00e9 Sant\u00e9 LGKDA<\/em>[\/vc_column_text][\/vc_column][\/vc_row][vc_row][vc_column][vc_single_image image=\u00a0\u00bb3015&Prime;][\/vc_column][\/vc_row]<\/p>\n<\/div>","protected":false},"excerpt":{"rendered":"<p>[vc_row][vc_column][vc_column_text] La Ligue Guadeloup\u00e9enne de Karat\u00e9 et Disciplines Associ\u00e9es en partenariat avec Le Lyc\u00e9e Gerty\u00a0Archim\u00e8de Organisent une journ\u00e9e de sensibilisation au Karat\u00e9 Sant\u00e9 au Lyc\u00e9e Gerty Archim\u00e8de situ\u00e9 \u00e0 Morne \u00e0 l&rsquo;Eau. &nbsp; &nbsp; Pour tout renseignement veuillez contacter : Hugues LAMBEAU au 0690 599 905 Responsable D\u00e9veloppement Karat\u00e9 Sant\u00e9 LGKDA[\/vc_column_text][\/vc_column][\/vc_row][vc_row][vc_column][vc_single_image image=\u00a0\u00bb3015&Prime;][\/vc_column][\/vc_row]<\/p>\n","protected":false},"author":84,"featured_media":3015,"comment_status":"closed","ping_status":"closed","sticky":false,"template":"","format":"standard","meta":{"footnotes":""},"categories":[5,117,18],"tags":[],"class_list":["post-3012","post","type-post","status-publish","format-standard","hentry","category-actualites","category-karate-sante","category-vie-des-clubs"],"_links":{"self":[{"href":"https:\/\/sites.ffkarate.fr\/ligueguadeloupe\/wp-json\/wp\/v2\/posts\/3012","targetHints":{"allow":["GET"]}}],"collection":[{"href":"https:\/\/sites.ffkarate.fr\/ligueguadeloupe\/wp-json\/wp\/v2\/posts"}],"about":[{"href":"https:\/\/sites.ffkarate.fr\/ligueguadeloupe\/wp-json\/wp\/v2\/types\/post"}],"author":[{"embeddable":true,"href":"https:\/\/sites.ffkarate.fr\/ligueguadeloupe\/wp-json\/wp\/v2\/users\/84"}],"replies":[{"embeddable":true,"href":"https:\/\/sites.ffkarate.fr\/ligueguadeloupe\/wp-json\/wp\/v2\/comments?post=3012"}],"version-history":[{"count":3,"href":"https:\/\/sites.ffkarate.fr\/ligueguadeloupe\/wp-json\/wp\/v2\/posts\/3012\/revisions"}],"predecessor-version":[{"id":3016,"href":"https:\/\/sites.ffkarate.fr\/ligueguadeloupe\/wp-json\/wp\/v2\/posts\/3012\/revisions\/3016"}],"wp:featuredmedia":[{"embeddable":true,"href":"https:\/\/sites.ffkarate.fr\/ligueguadeloupe\/wp-json\/wp\/v2\/media\/3015"}],"wp:attachment":[{"href":"https:\/\/sites.ffkarate.fr\/ligueguadeloupe\/wp-json\/wp\/v2\/media?parent=3012"}],"wp:term":[{"taxonomy":"category","embeddable":true,"href":"https:\/\/sites.ffkarate.fr\/ligueguadeloupe\/wp-json\/wp\/v2\/categories?post=3012"},{"taxonomy":"post_tag","embeddable":true,"href":"https:\/\/sites.ffkarate.fr\/ligueguadeloupe\/wp-json\/wp\/v2\/tags?post=3012"}],"curies":[{"name":"wp","href":"https:\/\/api.w.org\/{rel}","templated":true}]}}