{"id":2576,"date":"2022-06-02T11:22:00","date_gmt":"2022-06-02T09:22:00","guid":{"rendered":"https:\/\/sites.ffkarate.fr\/liguemartinique\/?p=2576"},"modified":"2022-06-03T09:49:52","modified_gmt":"2022-06-03T07:49:52","slug":"jeux-des-iles-6-medailles-pour-les-karatekas-a-majorque","status":"publish","type":"post","link":"https:\/\/sites.ffkarate.fr\/liguemartinique\/2022\/06\/02\/jeux-des-iles-6-medailles-pour-les-karatekas-a-majorque\/","title":{"rendered":"Jeux des \u00eeles : 6 m\u00e9dailles pour les karat\u00e9kas \u00e0 Majorque !"},"content":{"rendered":"<div class=\"wpb-content-wrapper\"><p>[vc_row][vc_column][vc_column_text]Sous la banni\u00e8re du Comit\u00e9 Territorial Olympique et Sportif de Martinique, la Ligue de Karat\u00e9 avait s\u00e9lectionn\u00e9 8 athl\u00e8tes en vue de disputer cette \u00e9dition 2022 des Jeux des Iles.<\/p>\n<p>A Majorque, le karat\u00e9 remporte six m\u00e9dailles pour la Martinique, avec notamment les titres de Marc-Antoine Dumar (Kata Homme) et Channy Cesaire-Mirande (Combat Homme).<\/p>\n<p>Maryse MICHEL\u00a0 (DTR) : <em>C&rsquo;est un bilan positif de ce d\u00e9placement, tant du point de vue de l&rsquo; organisation que des r\u00e9sultats sportifs. Les athl\u00e8tes nous ont fait vibrer durant cette comp\u00e9tition d&rsquo;un bon niveau. Ils ont \u00e9t\u00e9 \u00e0 la hauteur des enjeux. Les coachs ont assur\u00e9s \u00e9galement leur r\u00f4le en soutenant et en guidant nos jeunes comp\u00e9titeurs. F\u00e9licitations \u00e0 toute l&rsquo;\u00e9quipe.\u00a0\u00bb\u00a0<\/em>[\/vc_column_text][\/vc_column][\/vc_row][vc_row][vc_column width=\u00a0\u00bb1\/2&Prime;][vc_column_text]<\/p>\n<h2>R\u00e9sultats<\/h2>\n<p>[\/vc_column_text][vc_column_text]<\/p>\n<h4>Kata<\/h4>\n<ul>\n<li>M\u00e9daille d&rsquo;Or : Marc Antoine DUMAR<\/li>\n<li>M\u00e9daille de Bronze : Ikshan DURO<\/li>\n<li>M\u00e9daille de Bronze : Johanny SERALINE<\/li>\n<\/ul>\n<p>[\/vc_column_text][vc_column_text]<\/p>\n<h4>Combat<\/h4>\n<ul>\n<li>M\u00e9daille d&rsquo;Or : Channy CESAIRE-MIRANDE<\/li>\n<li>M\u00e9daille de Bronze Victoria CHEBAL<\/li>\n<li>M\u00e9daille de Bronze : Erwan VANITOU<\/li>\n<\/ul>\n<p>[\/vc_column_text][\/vc_column][vc_column width=\u00a0\u00bb1\/2&Prime;][vc_column_text]<\/p>\n<h2>Interview<\/h2>\n<p>[\/vc_column_text][vc_single_image image=\u00a0\u00bb2578&Prime; link=\u00a0\u00bbhttps:\/\/fb.watch\/dkraZN6Aa4\/\u00a0\u00bb onclick=\u00a0\u00bbcustom_link\u00a0\u00bb][vc_column_text]<em>(cliquez sur la photo pour acc\u00e9der \u00e0 l&rsquo;interview)<\/em>[\/vc_column_text][\/vc_column][\/vc_row][vc_row][vc_column][vc_column_text]<\/p>\n<h2>Galerie Photo<\/h2>\n<p>[\/vc_column_text][vc_gallery images=\u00a0\u00bb2584,2585,2586,2587,2588,2589,2590,2591,2592,2593,2594,2595,2596,2597,2598,2599,2600,2601,2602,2603,2604&Prime;][\/vc_column][\/vc_row]<\/p>\n<\/div>","protected":false},"excerpt":{"rendered":"<p>[vc_row][vc_column][vc_column_text]Sous la banni\u00e8re du Comit\u00e9 Territorial Olympique et Sportif de Martinique, la Ligue de Karat\u00e9 avait s\u00e9lectionn\u00e9 8 athl\u00e8tes en vue de disputer cette \u00e9dition 2022 des Jeux des Iles. A Majorque, le karat\u00e9 remporte six m\u00e9dailles pour la Martinique, avec notamment les titres de Marc-Antoine Dumar (Kata Homme) et Channy Cesaire-Mirande (Combat Homme). Maryse [&hellip;]<\/p>\n","protected":false},"author":118,"featured_media":2604,"comment_status":"closed","ping_status":"closed","sticky":false,"template":"","format":"standard","meta":{"footnotes":""},"categories":[10,1,14],"tags":[52,55,83,85,92],"class_list":["post-2576","post","type-post","status-publish","format-standard","hentry","category-competitions","category-non-classe","category-karate","tag-combat","tag-competition","tag-karate","tag-kata","tag-martinique"],"_links":{"self":[{"href":"https:\/\/sites.ffkarate.fr\/liguemartinique\/wp-json\/wp\/v2\/posts\/2576","targetHints":{"allow":["GET"]}}],"collection":[{"href":"https:\/\/sites.ffkarate.fr\/liguemartinique\/wp-json\/wp\/v2\/posts"}],"about":[{"href":"https:\/\/sites.ffkarate.fr\/liguemartinique\/wp-json\/wp\/v2\/types\/post"}],"author":[{"embeddable":true,"href":"https:\/\/sites.ffkarate.fr\/liguemartinique\/wp-json\/wp\/v2\/users\/118"}],"replies":[{"embeddable":true,"href":"https:\/\/sites.ffkarate.fr\/liguemartinique\/wp-json\/wp\/v2\/comments?post=2576"}],"version-history":[{"count":9,"href":"https:\/\/sites.ffkarate.fr\/liguemartinique\/wp-json\/wp\/v2\/posts\/2576\/revisions"}],"predecessor-version":[{"id":2608,"href":"https:\/\/sites.ffkarate.fr\/liguemartinique\/wp-json\/wp\/v2\/posts\/2576\/revisions\/2608"}],"wp:featuredmedia":[{"embeddable":true,"href":"https:\/\/sites.ffkarate.fr\/liguemartinique\/wp-json\/wp\/v2\/media\/2604"}],"wp:attachment":[{"href":"https:\/\/sites.ffkarate.fr\/liguemartinique\/wp-json\/wp\/v2\/media?parent=2576"}],"wp:term":[{"taxonomy":"category","embeddable":true,"href":"https:\/\/sites.ffkarate.fr\/liguemartinique\/wp-json\/wp\/v2\/categories?post=2576"},{"taxonomy":"post_tag","embeddable":true,"href":"https:\/\/sites.ffkarate.fr\/liguemartinique\/wp-json\/wp\/v2\/tags?post=2576"}],"curies":[{"name":"wp","href":"https:\/\/api.w.org\/{rel}","templated":true}]}}