{"id":2772,"date":"2022-10-28T17:25:54","date_gmt":"2022-10-28T15:25:54","guid":{"rendered":"https:\/\/sites.ffkarate.fr\/liguemartinique\/?p=2772"},"modified":"2023-01-10T15:20:39","modified_gmt":"2023-01-10T14:20:39","slug":"offre-mgpa-ligue-de-karate-de-martinique","status":"publish","type":"post","link":"https:\/\/sites.ffkarate.fr\/liguemartinique\/2022\/10\/28\/offre-mgpa-ligue-de-karate-de-martinique\/","title":{"rendered":"Offre MGPA 1 mois de cotisation offert &#8211; Ligue de Karat\u00e9 de Martinique"},"content":{"rendered":"<div class=\"wpb-content-wrapper\"><p>[vc_row][vc_column][vc_column_text]<\/p>\n<p style=\"font-weight: 400\"><strong><u>1 MOIS DE COTISATION OFFERT<\/u><\/strong> pour toute nouvelle souscription \u00e0 un contrat sant\u00e9 MGPA jusqu\u2019au 31\/08\/2023.<\/p>\n<p>[\/vc_column_text][\/vc_column][\/vc_row][vc_row][vc_column][vc_column_text]<\/p>\n<h2 style=\"font-weight: 400\"><strong>Vous \u00eates\u00a0:<\/strong><\/h2>\n<ul style=\"font-weight: 400\">\n<li>Licenci\u00e9 d\u2019un club affili\u00e9 \u00e0 la ligue karat\u00e9 de Martinique<\/li>\n<li>Parent d\u2019un licenci\u00e9 d\u2019un club affili\u00e9 \u00e0 la ligue karat\u00e9 de Martinique<\/li>\n<\/ul>\n<p style=\"font-weight: 400\"><strong>B\u00e9n\u00e9ficiez du 1<sup>er<\/sup> mois gratuit pour votre couverture sant\u00e9 MGPA sans droits d\u2019adh\u00e9sion ni d\u00e9lai de carence !<\/strong><\/p>\n<p>[\/vc_column_text][\/vc_column][\/vc_row][vc_row][vc_column][vc_column_text]<\/p>\n<h3 style=\"font-weight: 400\"><strong>Comment faire\u00a0?<\/strong><\/h3>\n<p style=\"font-weight: 400\">Rendez-vous dans l\u2019une des 8 agences MGPA en Martinique avec les pi\u00e8ces suivantes :<\/p>\n<ul style=\"font-weight: 400\">\n<li>Justificatif d\u2019adh\u00e9sion \u00e0 un club affili\u00e9 \u00e0 la ligue karat\u00e9 de Martinique<\/li>\n<li>Pi\u00e8ce d\u2019identit\u00e9<\/li>\n<li>Attestation de s\u00e9curit\u00e9 sociale<\/li>\n<li>Justificatif de domicile de moins de 3 mois<\/li>\n<li>RIB<\/li>\n<\/ul>\n<p style=\"font-weight: 400\">Pour trouver l\u2019agence la plus proche de chez vous, nous vous invitons \u00e0 <a href=\"https:\/\/www.mutuellemgpa.com\/nous-trouver\" target=\"_blank\" rel=\"noopener\"><strong>cliquer ici<\/strong><\/a><\/p>\n<p>[\/vc_column_text][\/vc_column][\/vc_row][vc_row][vc_column][vc_column_text]<\/p>\n<h3>Contact<\/h3>\n<ul>\n<li>Plateforme T\u00e9l\u00e9phonique : 05 96 39 33 44<\/li>\n<li>Mail :\u00a0<a href=\"mailto:contact@mutuellemgpa.fr\">contact@mutuellemgpa.fr<\/a><\/li>\n<li>Site Internet :\u00a0<a href=\"http:\/\/mutuellemgpa.com\/\" target=\"_blank\" rel=\"noopener\">mutuellemgpa.com<\/a><\/li>\n<\/ul>\n<p>&nbsp;<\/p>\n<p>A bient\u00f4t dans l\u2019une des 8 agences MGPA de Martinique[\/vc_column_text][\/vc_column][\/vc_row]<\/p>\n<\/div>","protected":false},"excerpt":{"rendered":"<p>[vc_row][vc_column][vc_column_text] 1 MOIS DE COTISATION OFFERT pour toute nouvelle souscription \u00e0 un contrat sant\u00e9 MGPA jusqu\u2019au 31\/08\/2023. [\/vc_column_text][\/vc_column][\/vc_row][vc_row][vc_column][vc_column_text] Vous \u00eates\u00a0: Licenci\u00e9 d\u2019un club affili\u00e9 \u00e0 la ligue karat\u00e9 de Martinique Parent d\u2019un licenci\u00e9 d\u2019un club affili\u00e9 \u00e0 la ligue karat\u00e9 de Martinique B\u00e9n\u00e9ficiez du 1er mois gratuit pour votre couverture sant\u00e9 MGPA sans droits d\u2019adh\u00e9sion [&hellip;]<\/p>\n","protected":false},"author":118,"featured_media":2785,"comment_status":"closed","ping_status":"closed","sticky":false,"template":"","format":"standard","meta":{"footnotes":""},"categories":[1,18],"tags":[83,92,165,158],"class_list":["post-2772","post","type-post","status-publish","format-standard","hentry","category-non-classe","category-vie-des-clubs","tag-karate","tag-martinique","tag-mgpa","tag-partenariat"],"_links":{"self":[{"href":"https:\/\/sites.ffkarate.fr\/liguemartinique\/wp-json\/wp\/v2\/posts\/2772","targetHints":{"allow":["GET"]}}],"collection":[{"href":"https:\/\/sites.ffkarate.fr\/liguemartinique\/wp-json\/wp\/v2\/posts"}],"about":[{"href":"https:\/\/sites.ffkarate.fr\/liguemartinique\/wp-json\/wp\/v2\/types\/post"}],"author":[{"embeddable":true,"href":"https:\/\/sites.ffkarate.fr\/liguemartinique\/wp-json\/wp\/v2\/users\/118"}],"replies":[{"embeddable":true,"href":"https:\/\/sites.ffkarate.fr\/liguemartinique\/wp-json\/wp\/v2\/comments?post=2772"}],"version-history":[{"count":8,"href":"https:\/\/sites.ffkarate.fr\/liguemartinique\/wp-json\/wp\/v2\/posts\/2772\/revisions"}],"predecessor-version":[{"id":2794,"href":"https:\/\/sites.ffkarate.fr\/liguemartinique\/wp-json\/wp\/v2\/posts\/2772\/revisions\/2794"}],"wp:featuredmedia":[{"embeddable":true,"href":"https:\/\/sites.ffkarate.fr\/liguemartinique\/wp-json\/wp\/v2\/media\/2785"}],"wp:attachment":[{"href":"https:\/\/sites.ffkarate.fr\/liguemartinique\/wp-json\/wp\/v2\/media?parent=2772"}],"wp:term":[{"taxonomy":"category","embeddable":true,"href":"https:\/\/sites.ffkarate.fr\/liguemartinique\/wp-json\/wp\/v2\/categories?post=2772"},{"taxonomy":"post_tag","embeddable":true,"href":"https:\/\/sites.ffkarate.fr\/liguemartinique\/wp-json\/wp\/v2\/tags?post=2772"}],"curies":[{"name":"wp","href":"https:\/\/api.w.org\/{rel}","templated":true}]}}