{"id":14097,"date":"2021-07-31T10:20:50","date_gmt":"2021-07-31T08:20:50","guid":{"rendered":"https:\/\/sites.ffkarate.fr\/liguereunion\/?p=14097"},"modified":"2021-07-31T13:55:34","modified_gmt":"2021-07-31T11:55:34","slug":"promotion-du-karate-sur-canalreunion","status":"publish","type":"post","link":"https:\/\/sites.ffkarate.fr\/liguereunion\/2021\/07\/31\/promotion-du-karate-sur-canalreunion\/","title":{"rendered":"Promotion du Karat\u00e9 sur Canal+R\u00e9union"},"content":{"rendered":"<div class=\"wpb-content-wrapper\"><p>[vc_row][vc_column][vc_column_text]<strong><span class=\"d2edcug0 hpfvmrgz qv66sw1b c1et5uql lr9zc1uh a8c37x1j keod5gw0 nxhoafnm aigsh9s9 d3f4x2em fe6kdd0r mau55g9w c8b282yb iv3no6db jq4qci2q a3bd9o3v knj5qynh oo9gr5id hzawbc8m\" dir=\"auto\">Julie la f\u00e9 &#8211; sp\u00e9cial Jeux Olympiques &#8211; Le Karat\u00e9<\/span><\/strong><br \/>\n<strong><span class=\"d2edcug0 hpfvmrgz qv66sw1b c1et5uql lr9zc1uh a8c37x1j keod5gw0 nxhoafnm aigsh9s9 d3f4x2em fe6kdd0r mau55g9w c8b282yb iv3no6db jq4qci2q a3bd9o3v knj5qynh oo9gr5id hzawbc8m\" dir=\"auto\">Le saviez-vous ? Le Karat\u00e9 fait sa premi\u00e8re apparition en tant que sport olympique \u00e0 l&rsquo;occasion des Jeux Olympiques de <a class=\"oajrlxb2 g5ia77u1 qu0x051f esr5mh6w e9989ue4 r7d6kgcz rq0escxv nhd2j8a9 nc684nl6 p7hjln8o kvgmc6g5 cxmmr5t8 oygrvhab hcukyx3x jb3vyjys rz4wbd8a qt6c0cv9 a8nywdso i1ao9s8h esuyzwwr f1sip0of lzcic4wl q66pz984 gpro0wi8 b1v8xokw\" role=\"link\" href=\"https:\/\/www.facebook.com\/tokyo2020?__cft__[0]=AZWVaAeUT9b45cXWhZuA7Ap4uEeqRi8g28hTQyBOskC9S5KMuXu0366ymndDNSfdSlcnFQsMMjZEyMc6oCNMqo10TlzZVMfOd1xmTjnDQQdcG9pPLnJ44XpiXzGl29hEQ_OfrJwG7I2xfBXQPv0McMW5_qCW0d6D3DCUbtwzh4sFTQnrYsSC6nrX3YjtDBJlMFW6sMvoRVpzGBiMRQ50N-ye&amp;__tn__=-]K-R\" target=\"_blank\" rel=\"noopener\"><span class=\"nc684nl6\">Tokyo 2020<\/span><\/a><\/span><\/strong><br \/>\n<strong><span class=\"d2edcug0 hpfvmrgz qv66sw1b c1et5uql lr9zc1uh a8c37x1j keod5gw0 nxhoafnm aigsh9s9 d3f4x2em fe6kdd0r mau55g9w c8b282yb iv3no6db jq4qci2q a3bd9o3v knj5qynh oo9gr5id hzawbc8m\" dir=\"auto\">L&rsquo;occasion \u00e9tait trop belle pour <a class=\"oajrlxb2 g5ia77u1 qu0x051f esr5mh6w e9989ue4 r7d6kgcz rq0escxv nhd2j8a9 nc684nl6 p7hjln8o kvgmc6g5 cxmmr5t8 oygrvhab hcukyx3x jb3vyjys rz4wbd8a qt6c0cv9 a8nywdso i1ao9s8h esuyzwwr f1sip0of lzcic4wl q66pz984 gpro0wi8 b1v8xokw\" role=\"link\" href=\"https:\/\/www.facebook.com\/profile.php?id=100047029005273&amp;__cft__[0]=AZWVaAeUT9b45cXWhZuA7Ap4uEeqRi8g28hTQyBOskC9S5KMuXu0366ymndDNSfdSlcnFQsMMjZEyMc6oCNMqo10TlzZVMfOd1xmTjnDQQdcG9pPLnJ44XpiXzGl29hEQ_OfrJwG7I2xfBXQPv0McMW5_qCW0d6D3DCUbtwzh4sFTQnrYsSC6nrX3YjtDBJlMFW6sMvoRVpzGBiMRQ50N-ye&amp;__tn__=-]K-R\" target=\"_blank\" rel=\"noopener\"><span class=\"nc684nl6\">Julie Legros<\/span><\/a> d&rsquo;essayer cette \u00ab\u00a0nouvelle\u00a0\u00bb discipline olympique dans un club de Saint Denis.<br \/>\n<\/span><\/strong><\/p>\n<p><strong>un lien : <a href=\"https:\/\/www.facebook.com\/canalplusreunion\/\" target=\"_blank\" rel=\"noopener\">https:\/\/www.facebook.com\/canalplusreunion\/<\/a>\u00a0\u00a0\u00a0\u00a0\u00a0<\/strong><\/p>\n<p><strong>Bonne rentr\u00e9e \u00e0 tous les clubs pour la nouvelle saison.\u00a0<\/strong>[\/vc_column_text][\/vc_column][\/vc_row][vc_row][vc_column][vc_video link=\u00a0\u00bbhttps:\/\/youtu.be\/828eAPvxNa4&Prime; title=\u00a0\u00bbA l&rsquo;occasion des JO de Tokyo, promotion du Karat\u00e9 avec \u00ab\u00a0Julie la f\u00e9\u00ab\u00a0 sur Canal+R\u00e9union\u00a0\u00bb][\/vc_column][\/vc_row][vc_row][vc_column][vc_single_image image=\u00a0\u00bb14109&Prime;][vc_single_image image=\u00a0\u00bb14110&Prime;][vc_single_image image=\u00a0\u00bb14111&Prime;][vc_single_image image=\u00a0\u00bb14112&Prime;][vc_single_image image=\u00a0\u00bb14117&Prime;][\/vc_column][\/vc_row]<\/p>\n<\/div>","protected":false},"excerpt":{"rendered":"<p>Julie la f\u00e9 &#8211; sp\u00e9cial Jeux Olympiques &#8211; Le Karat\u00e9<br \/>\nA l&rsquo;occasion des JO de Tokyo, promotion du Karat\u00e9 avec \u00ab\u00a0Julie la f\u00e9\u00a0\u00bb sur Canal+R\u00e9union<\/p>\n","protected":false},"author":142,"featured_media":14105,"comment_status":"closed","ping_status":"closed","sticky":false,"template":"","format":"standard","meta":{"footnotes":""},"categories":[5,8,10,13,14,18],"tags":[],"class_list":["post-14097","post","type-post","status-publish","format-standard","hentry","category-actualites","category-arbitrage","category-competitions","category-institutionnel","category-karate","category-vie-des-clubs"],"_links":{"self":[{"href":"https:\/\/sites.ffkarate.fr\/liguereunion\/wp-json\/wp\/v2\/posts\/14097","targetHints":{"allow":["GET"]}}],"collection":[{"href":"https:\/\/sites.ffkarate.fr\/liguereunion\/wp-json\/wp\/v2\/posts"}],"about":[{"href":"https:\/\/sites.ffkarate.fr\/liguereunion\/wp-json\/wp\/v2\/types\/post"}],"author":[{"embeddable":true,"href":"https:\/\/sites.ffkarate.fr\/liguereunion\/wp-json\/wp\/v2\/users\/142"}],"replies":[{"embeddable":true,"href":"https:\/\/sites.ffkarate.fr\/liguereunion\/wp-json\/wp\/v2\/comments?post=14097"}],"version-history":[{"count":10,"href":"https:\/\/sites.ffkarate.fr\/liguereunion\/wp-json\/wp\/v2\/posts\/14097\/revisions"}],"predecessor-version":[{"id":14118,"href":"https:\/\/sites.ffkarate.fr\/liguereunion\/wp-json\/wp\/v2\/posts\/14097\/revisions\/14118"}],"wp:featuredmedia":[{"embeddable":true,"href":"https:\/\/sites.ffkarate.fr\/liguereunion\/wp-json\/wp\/v2\/media\/14105"}],"wp:attachment":[{"href":"https:\/\/sites.ffkarate.fr\/liguereunion\/wp-json\/wp\/v2\/media?parent=14097"}],"wp:term":[{"taxonomy":"category","embeddable":true,"href":"https:\/\/sites.ffkarate.fr\/liguereunion\/wp-json\/wp\/v2\/categories?post=14097"},{"taxonomy":"post_tag","embeddable":true,"href":"https:\/\/sites.ffkarate.fr\/liguereunion\/wp-json\/wp\/v2\/tags?post=14097"}],"curies":[{"name":"wp","href":"https:\/\/api.w.org\/{rel}","templated":true}]}}