{"id":16687,"date":"2022-10-08T08:52:49","date_gmt":"2022-10-08T06:52:49","guid":{"rendered":"https:\/\/sites.ffkarate.fr\/liguereunion\/?p=16687"},"modified":"2022-10-15T17:40:43","modified_gmt":"2022-10-15T15:40:43","slug":"reunion-des-grades-le-8-octobre","status":"publish","type":"post","link":"https:\/\/sites.ffkarate.fr\/liguereunion\/2022\/10\/08\/reunion-des-grades-le-8-octobre\/","title":{"rendered":"R\u00e9union des Grades le 8 octobre"},"content":{"rendered":"<div class=\"wpb-content-wrapper\"><p>[vc_row][vc_column][vc_column_text]<\/p>\n<p class=\"ox-60270f316b-MsoNormal\"><strong>Le 08 octobre 2022 de 09h00 \u00e0 12h00 \u00e0 l\u2019OMS de Saint-Denis<\/strong> s&rsquo;est tenue une formation des juges et professeurs ainsi qu\u2019une pr\u00e9paration aux passages de grade.<\/p>\n<p class=\"ox-60270f316b-MsoNormal\">Cette matin\u00e9e s&rsquo;est d\u00e9roul\u00e9e en exposant des th\u00e8mes, tels que :<\/p>\n<ul type=\"disc\">\n<li class=\"ox-60270f316b-m_2949761485515678074MsoListParagraph\">R\u00e8glementation G\u00e9n\u00e9rale<u><\/u><u><\/u><\/li>\n<li class=\"ox-60270f316b-m_2949761485515678074MsoListParagraph\">Crit\u00e8res de jugements<u><\/u><u><\/u><\/li>\n<li class=\"ox-60270f316b-m_2949761485515678074MsoListParagraph\">Constitution du vivier de jury<u><\/u><u><\/u><\/li>\n<li class=\"ox-60270f316b-m_2949761485515678074MsoListParagraph\">Questions diverses <u><\/u><u><\/u><\/li>\n<\/ul>\n<p class=\"ox-60270f316b-MsoNormal\">Sportivement,<u><\/u><u><\/u><\/p>\n<p class=\"ox-60270f316b-MsoNormal\">Le responsable des Grades,<br \/>\n<u><\/u><u><\/u>M.LEVIS Fabrice<br \/>\n<u><\/u><u><\/u>T\u00e9l\u00a0: 06 93 51 25 89<\/p>\n<p>[\/vc_column_text][\/vc_column][\/vc_row][vc_row][vc_column][vc_column_text]<a href=\"https:\/\/sites.ffkarate.fr\/liguereunion\/wp-content\/uploads\/sites\/122\/2022\/10\/candidature-jury.pdf\" target=\"_blank\" rel=\"noopener\"><strong>Fiche de candidature jury grades<\/strong><\/a>[\/vc_column_text][\/vc_column][\/vc_row][vc_row][vc_column][vc_single_image image=\u00a0\u00bb16722&Prime;][vc_single_image image=\u00a0\u00bb16723&Prime;][\/vc_column][\/vc_row]<\/p>\n<\/div>","protected":false},"excerpt":{"rendered":"<p>[vc_row][vc_column][vc_column_text] Le 08 octobre 2022 de 09h00 \u00e0 12h00 \u00e0 l\u2019OMS de Saint-Denis s&rsquo;est tenue une formation des juges et professeurs ainsi qu\u2019une pr\u00e9paration aux passages de grade. Cette matin\u00e9e s&rsquo;est d\u00e9roul\u00e9e en exposant des th\u00e8mes, tels que : R\u00e8glementation G\u00e9n\u00e9rale Crit\u00e8res de jugements Constitution du vivier de jury Questions diverses Sportivement, Le responsable des [&hellip;]<\/p>\n","protected":false},"author":142,"featured_media":16723,"comment_status":"closed","ping_status":"closed","sticky":false,"template":"","format":"standard","meta":{"footnotes":""},"categories":[5,11,12,13,18],"tags":[],"class_list":["post-16687","post","type-post","status-publish","format-standard","hentry","category-actualites","category-formations","category-grades","category-institutionnel","category-vie-des-clubs"],"_links":{"self":[{"href":"https:\/\/sites.ffkarate.fr\/liguereunion\/wp-json\/wp\/v2\/posts\/16687","targetHints":{"allow":["GET"]}}],"collection":[{"href":"https:\/\/sites.ffkarate.fr\/liguereunion\/wp-json\/wp\/v2\/posts"}],"about":[{"href":"https:\/\/sites.ffkarate.fr\/liguereunion\/wp-json\/wp\/v2\/types\/post"}],"author":[{"embeddable":true,"href":"https:\/\/sites.ffkarate.fr\/liguereunion\/wp-json\/wp\/v2\/users\/142"}],"replies":[{"embeddable":true,"href":"https:\/\/sites.ffkarate.fr\/liguereunion\/wp-json\/wp\/v2\/comments?post=16687"}],"version-history":[{"count":8,"href":"https:\/\/sites.ffkarate.fr\/liguereunion\/wp-json\/wp\/v2\/posts\/16687\/revisions"}],"predecessor-version":[{"id":16748,"href":"https:\/\/sites.ffkarate.fr\/liguereunion\/wp-json\/wp\/v2\/posts\/16687\/revisions\/16748"}],"wp:featuredmedia":[{"embeddable":true,"href":"https:\/\/sites.ffkarate.fr\/liguereunion\/wp-json\/wp\/v2\/media\/16723"}],"wp:attachment":[{"href":"https:\/\/sites.ffkarate.fr\/liguereunion\/wp-json\/wp\/v2\/media?parent=16687"}],"wp:term":[{"taxonomy":"category","embeddable":true,"href":"https:\/\/sites.ffkarate.fr\/liguereunion\/wp-json\/wp\/v2\/categories?post=16687"},{"taxonomy":"post_tag","embeddable":true,"href":"https:\/\/sites.ffkarate.fr\/liguereunion\/wp-json\/wp\/v2\/tags?post=16687"}],"curies":[{"name":"wp","href":"https:\/\/api.w.org\/{rel}","templated":true}]}}