{"id":20795,"date":"2023-06-11T16:30:31","date_gmt":"2023-06-11T14:30:31","guid":{"rendered":"https:\/\/sites.ffkarate.fr\/liguereunion\/?p=20795"},"modified":"2023-06-13T06:06:31","modified_gmt":"2023-06-13T04:06:31","slug":"coupe-de-france-zone-sud-combats-le-10-juin-et-kata-le-11-juin","status":"publish","type":"post","link":"https:\/\/sites.ffkarate.fr\/liguereunion\/2023\/06\/11\/coupe-de-france-zone-sud-combats-le-10-juin-et-kata-le-11-juin\/","title":{"rendered":"Coupe de France Zone Sud Combats le 10 juin et Kata le 11 juin"},"content":{"rendered":"<div class=\"wpb-content-wrapper\"><p>[vc_row][vc_column][vc_column_text]<strong>La Coupe de France Combats et Kata zone Sud s&rsquo;est d\u00e9roul\u00e9e ce week end \u00e0 St Orens de Gameville (31) .<br \/>\nCette Coupe a de nouveau \u00e9t\u00e9 favorable \u00e0 nos jeunes qui ram\u00e8nent 7 m\u00e9dailles.<br \/>\n<\/strong><\/p>\n<p><strong>Samedi en Combats 2 jeunes \u00e9taient inscrits en Minimes =<br \/>\n<\/strong><strong>&#8211; M\u00e9tis Pillant (KC L\u00e9o) en -60 kg , remporte \u00e0 nouveau sa finale.<br \/>\n<\/strong><strong>&#8211; Damien Delaunay (Shotokan Entre Deux) en -55 kg , termine \u00e0 la 2\u00e8 place.<br \/>\n&#8211; Maera Malet (KC L\u00e9o) +55 kg = 5\u00e8<br \/>\n<\/strong><\/p>\n<p><strong>Ce dimanche en Kata :<br \/>\n&#8211; en Cadets : Fiaro Rabenirina (Shoto Bois de N\u00e8fles) remporte la finale ,<br \/>\n&#8211; en Cadets : M\u00e9tis Pillant (surclass\u00e9) termine \u00e0 la 3\u00e8 place<br \/>\n&#8211; en Juniors : Maureen Hibon termine \u00e0 la 3\u00e8 place<br \/>\n&#8211; en Juniors : Rock Baronne (KC Ste Suzanne) et Damien Barege (Shoto Sud R\u00e9union) terminent tous les deux \u00e0 la 3\u00e8 place.<br \/>\n&#8211; en Minimes : Fitia Rabenirina (Shoto Bois de N\u00e8fles) = 7\u00e8<br \/>\n&#8211; en Juniors : Elsa Grondin (Shoto Sud R\u00e9union) = 7\u00e8<br \/>\n<\/strong>[\/vc_column_text][ffk_button color=\u00a0\u00bbprimary\u00a0\u00bb link=\u00a0\u00bburl:https%3A%2F%2Fsites.ffkarate.fr%2Fliguereunion%2Fwp-content%2Fuploads%2Fsites%2F122%2F2023%2F06%2FResultats_Cpe-Fr-Zone-Sud-Combat_2023.pdf|title:Les%20r%C3%A9sultats%20en%20combats|target:_blank\u00a0\u00bb][ffk_button color=\u00a0\u00bbprimary\u00a0\u00bb link=\u00a0\u00bburl:https%3A%2F%2Fsites.ffkarate.fr%2Fliguereunion%2Fwp-content%2Fuploads%2Fsites%2F122%2F2023%2F06%2FResultats_Coupe-de-France-zone-sud-kata_2023a.pdf|title:Les%20r%C3%A9sultats%20en%20Kata|target:_blank\u00a0\u00bb][\/vc_column][\/vc_row][vc_row][vc_column][vc_single_image image=\u00a0\u00bb20788&Prime; title=\u00a0\u00bbM\u00e9tis PILLANT 1er en Minime -60 kg\u00a0\u00bb][vc_single_image image=\u00a0\u00bb20789&Prime; title=\u00a0\u00bbDamien DELAUNAY 2\u00e8 en Minime -55 kg\u00a0\u00bb][vc_single_image image=\u00a0\u00bb20790&Prime;][vc_single_image image=\u00a0\u00bb20791&Prime; title=\u00a0\u00bbKata : Fiaro 1er en Cadet et M\u00e9tis 3\u00e8 en Cadet\u00a0\u00bb][vc_single_image image=\u00a0\u00bb20792&Prime; title=\u00a0\u00bbKata : Rock et Damien 3\u00e8 en Junior\u00a0\u00bb][vc_single_image image=\u00a0\u00bb20793&Prime; title=\u00a0\u00bbKata : Maureen 3\u00e8 en Junior\u00a0\u00bb][vc_single_image image=\u00a0\u00bb20794&Prime;][\/vc_column][\/vc_row]<\/p>\n<\/div>","protected":false},"excerpt":{"rendered":"<p>[vc_row][vc_column][vc_column_text]La Coupe de France Combats et Kata zone Sud s&rsquo;est d\u00e9roul\u00e9e ce week end \u00e0 St Orens de Gameville (31) . Cette Coupe a de nouveau \u00e9t\u00e9 favorable \u00e0 nos jeunes qui ram\u00e8nent 7 m\u00e9dailles. Samedi en Combats 2 jeunes \u00e9taient inscrits en Minimes = &#8211; M\u00e9tis Pillant (KC L\u00e9o) en -60 kg , remporte [&hellip;]<\/p>\n","protected":false},"author":142,"featured_media":20794,"comment_status":"closed","ping_status":"closed","sticky":false,"template":"","format":"standard","meta":{"footnotes":""},"categories":[5,10,1,14,18],"tags":[],"class_list":["post-20795","post","type-post","status-publish","format-standard","hentry","category-actualites","category-competitions","category-non-classe","category-karate","category-vie-des-clubs"],"_links":{"self":[{"href":"https:\/\/sites.ffkarate.fr\/liguereunion\/wp-json\/wp\/v2\/posts\/20795","targetHints":{"allow":["GET"]}}],"collection":[{"href":"https:\/\/sites.ffkarate.fr\/liguereunion\/wp-json\/wp\/v2\/posts"}],"about":[{"href":"https:\/\/sites.ffkarate.fr\/liguereunion\/wp-json\/wp\/v2\/types\/post"}],"author":[{"embeddable":true,"href":"https:\/\/sites.ffkarate.fr\/liguereunion\/wp-json\/wp\/v2\/users\/142"}],"replies":[{"embeddable":true,"href":"https:\/\/sites.ffkarate.fr\/liguereunion\/wp-json\/wp\/v2\/comments?post=20795"}],"version-history":[{"count":10,"href":"https:\/\/sites.ffkarate.fr\/liguereunion\/wp-json\/wp\/v2\/posts\/20795\/revisions"}],"predecessor-version":[{"id":20810,"href":"https:\/\/sites.ffkarate.fr\/liguereunion\/wp-json\/wp\/v2\/posts\/20795\/revisions\/20810"}],"wp:featuredmedia":[{"embeddable":true,"href":"https:\/\/sites.ffkarate.fr\/liguereunion\/wp-json\/wp\/v2\/media\/20794"}],"wp:attachment":[{"href":"https:\/\/sites.ffkarate.fr\/liguereunion\/wp-json\/wp\/v2\/media?parent=20795"}],"wp:term":[{"taxonomy":"category","embeddable":true,"href":"https:\/\/sites.ffkarate.fr\/liguereunion\/wp-json\/wp\/v2\/categories?post=20795"},{"taxonomy":"post_tag","embeddable":true,"href":"https:\/\/sites.ffkarate.fr\/liguereunion\/wp-json\/wp\/v2\/tags?post=20795"}],"curies":[{"name":"wp","href":"https:\/\/api.w.org\/{rel}","templated":true}]}}