{"id":20815,"date":"2023-06-17T14:10:51","date_gmt":"2023-06-17T12:10:51","guid":{"rendered":"https:\/\/sites.ffkarate.fr\/liguereunion\/?p=20815"},"modified":"2023-06-17T14:24:10","modified_gmt":"2023-06-17T12:24:10","slug":"samedi-24-juin-les-disciplines-associees-et-le-karate-mix-vous-donnent-rendez-vous-au-dojo-regional","status":"publish","type":"post","link":"https:\/\/sites.ffkarate.fr\/liguereunion\/2023\/06\/17\/samedi-24-juin-les-disciplines-associees-et-le-karate-mix-vous-donnent-rendez-vous-au-dojo-regional\/","title":{"rendered":"Samedi 24 juin : les Disciplines Associ\u00e9es et le Karat\u00e9-Mix vous donnent rendez vous au Dojo R\u00e9gional"},"content":{"rendered":"<div class=\"wpb-content-wrapper\"><p>[vc_row][vc_column][vc_column_text]<strong>A noter sur vos agendas : Le samedi 24 juin 2023 au Dojo R\u00e9gional St Denis :\u00a0 <\/strong><\/p>\n<p><strong>13h\u00a0 &#8211;\u00a0 Pr\u00e9sentation des Disciplines Associ\u00e9es de la Ligue de Karat\u00e9, d\u00e9monstrations, initiations,<br \/>\nA.M. Vietnamiens, A.M. du Sud Est Asiatique, Krav Maga, Wushu, Yoseikan Budo, Pencak Silat, &#8230;&#8230;<\/strong><\/p>\n<p><strong>17h30\u00a0 &#8211;\u00a0 Stage de masse pour le lancement du Karat\u00e9 Mix \u00e0 La R\u00e9union, en pr\u00e9sence de Christophe ESTEBAN, Membre de la Commission Nationale Karat\u00e9-Mix.\u00a0 <\/strong><\/p>\n<p><strong>Amenez vos protections ! Ouvert \u00e0 tous les Licenci\u00e9s.<\/strong>[\/vc_column_text][\/vc_column][\/vc_row][vc_row][vc_column][vc_single_image image=\u00a0\u00bb20814&Prime;][vc_single_image image=\u00a0\u00bb20681&Prime;][vc_single_image image=\u00a0\u00bb20811&Prime;][\/vc_column][\/vc_row]<\/p>\n<\/div>","protected":false},"excerpt":{"rendered":"<p>[vc_row][vc_column][vc_column_text]A noter sur vos agendas : Le samedi 24 juin 2023 au Dojo R\u00e9gional St Denis :\u00a0 13h\u00a0 &#8211;\u00a0 Pr\u00e9sentation des Disciplines Associ\u00e9es de la Ligue de Karat\u00e9, d\u00e9monstrations, initiations, A.M. Vietnamiens, A.M. du Sud Est Asiatique, Krav Maga, Wushu, Yoseikan Budo, Pencak Silat, &#8230;&#8230; 17h30\u00a0 &#8211;\u00a0 Stage de masse pour le lancement du Karat\u00e9 [&hellip;]<\/p>\n","protected":false},"author":142,"featured_media":20813,"comment_status":"closed","ping_status":"closed","sticky":false,"template":"","format":"standard","meta":{"footnotes":""},"categories":[5,131,6,7,13,14,121,16,17,19,107,18,20,21],"tags":[],"class_list":["post-20815","post","type-post","status-publish","format-standard","hentry","category-actualites","category-aito","category-amsea","category-amv","category-institutionnel","category-karate","category-karate-contact","category-karate-mix","category-krav-maga","category-stages","category-technique","category-vie-des-clubs","category-wushu","category-yoseikan-budo"],"_links":{"self":[{"href":"https:\/\/sites.ffkarate.fr\/liguereunion\/wp-json\/wp\/v2\/posts\/20815","targetHints":{"allow":["GET"]}}],"collection":[{"href":"https:\/\/sites.ffkarate.fr\/liguereunion\/wp-json\/wp\/v2\/posts"}],"about":[{"href":"https:\/\/sites.ffkarate.fr\/liguereunion\/wp-json\/wp\/v2\/types\/post"}],"author":[{"embeddable":true,"href":"https:\/\/sites.ffkarate.fr\/liguereunion\/wp-json\/wp\/v2\/users\/142"}],"replies":[{"embeddable":true,"href":"https:\/\/sites.ffkarate.fr\/liguereunion\/wp-json\/wp\/v2\/comments?post=20815"}],"version-history":[{"count":7,"href":"https:\/\/sites.ffkarate.fr\/liguereunion\/wp-json\/wp\/v2\/posts\/20815\/revisions"}],"predecessor-version":[{"id":20822,"href":"https:\/\/sites.ffkarate.fr\/liguereunion\/wp-json\/wp\/v2\/posts\/20815\/revisions\/20822"}],"wp:featuredmedia":[{"embeddable":true,"href":"https:\/\/sites.ffkarate.fr\/liguereunion\/wp-json\/wp\/v2\/media\/20813"}],"wp:attachment":[{"href":"https:\/\/sites.ffkarate.fr\/liguereunion\/wp-json\/wp\/v2\/media?parent=20815"}],"wp:term":[{"taxonomy":"category","embeddable":true,"href":"https:\/\/sites.ffkarate.fr\/liguereunion\/wp-json\/wp\/v2\/categories?post=20815"},{"taxonomy":"post_tag","embeddable":true,"href":"https:\/\/sites.ffkarate.fr\/liguereunion\/wp-json\/wp\/v2\/tags?post=20815"}],"curies":[{"name":"wp","href":"https:\/\/api.w.org\/{rel}","templated":true}]}}