{"id":21638,"date":"2023-07-29T06:03:13","date_gmt":"2023-07-29T04:03:13","guid":{"rendered":"https:\/\/sites.ffkarate.fr\/liguereunion\/?p=21638"},"modified":"2023-07-29T06:16:49","modified_gmt":"2023-07-29T04:16:49","slug":"rencontres-dtr-responsables-etr-karate-contact-et-karate-mix","status":"publish","type":"post","link":"https:\/\/sites.ffkarate.fr\/liguereunion\/2023\/07\/29\/rencontres-dtr-responsables-etr-karate-contact-et-karate-mix\/","title":{"rendered":"Rencontres DTR &#8211; Responsables ETR : Karat\u00e9 Contact et Karat\u00e9 Mix"},"content":{"rendered":"<div class=\"wpb-content-wrapper\"><p>[vc_row][vc_column][vc_column_text]<strong>Notre DTR Natacha rencontrait ce vendredi les Responsables du Karat\u00e9 Contact et Karat\u00e9 mix, Jacky Meslin et Jimmy Mah\u00e9, en pr\u00e9sence du Pr\u00e9sident ;<br \/>\nceci dans le cadre des rencontres avec les diff\u00e9rents Responsables de l\u2019\u00c9quipe Technique R\u00e9gionale.\u00a0 <\/strong><br \/>\n<strong>L&rsquo;occasion de faire le bilan de fin de saison et voir les perspectives pour la prochaine saison.\u00a0 <\/strong>[\/vc_column_text][\/vc_column][\/vc_row][vc_row][vc_column][vc_single_image image=\u00a0\u00bb21631&Prime;][vc_single_image image=\u00a0\u00bb21632&Prime;][vc_single_image image=\u00a0\u00bb21633&Prime;][\/vc_column][\/vc_row]<\/p>\n<\/div>","protected":false},"excerpt":{"rendered":"<p>[vc_row][vc_column][vc_column_text]Notre DTR Natacha rencontrait ce vendredi les Responsables du Karat\u00e9 Contact et Karat\u00e9 mix, Jacky Meslin et Jimmy Mah\u00e9, en pr\u00e9sence du Pr\u00e9sident ; ceci dans le cadre des rencontres avec les diff\u00e9rents Responsables de l\u2019\u00c9quipe Technique R\u00e9gionale.\u00a0 L&rsquo;occasion de faire le bilan de fin de saison et voir les perspectives pour la prochaine saison.\u00a0 [&hellip;]<\/p>\n","protected":false},"author":142,"featured_media":21633,"comment_status":"closed","ping_status":"closed","sticky":false,"template":"","format":"standard","meta":{"footnotes":""},"categories":[5,10,13,15,121,16],"tags":[],"class_list":["post-21638","post","type-post","status-publish","format-standard","hentry","category-actualites","category-competitions","category-institutionnel","category-k-full-et-light-contact","category-karate-contact","category-karate-mix"],"_links":{"self":[{"href":"https:\/\/sites.ffkarate.fr\/liguereunion\/wp-json\/wp\/v2\/posts\/21638","targetHints":{"allow":["GET"]}}],"collection":[{"href":"https:\/\/sites.ffkarate.fr\/liguereunion\/wp-json\/wp\/v2\/posts"}],"about":[{"href":"https:\/\/sites.ffkarate.fr\/liguereunion\/wp-json\/wp\/v2\/types\/post"}],"author":[{"embeddable":true,"href":"https:\/\/sites.ffkarate.fr\/liguereunion\/wp-json\/wp\/v2\/users\/142"}],"replies":[{"embeddable":true,"href":"https:\/\/sites.ffkarate.fr\/liguereunion\/wp-json\/wp\/v2\/comments?post=21638"}],"version-history":[{"count":6,"href":"https:\/\/sites.ffkarate.fr\/liguereunion\/wp-json\/wp\/v2\/posts\/21638\/revisions"}],"predecessor-version":[{"id":21653,"href":"https:\/\/sites.ffkarate.fr\/liguereunion\/wp-json\/wp\/v2\/posts\/21638\/revisions\/21653"}],"wp:featuredmedia":[{"embeddable":true,"href":"https:\/\/sites.ffkarate.fr\/liguereunion\/wp-json\/wp\/v2\/media\/21633"}],"wp:attachment":[{"href":"https:\/\/sites.ffkarate.fr\/liguereunion\/wp-json\/wp\/v2\/media?parent=21638"}],"wp:term":[{"taxonomy":"category","embeddable":true,"href":"https:\/\/sites.ffkarate.fr\/liguereunion\/wp-json\/wp\/v2\/categories?post=21638"},{"taxonomy":"post_tag","embeddable":true,"href":"https:\/\/sites.ffkarate.fr\/liguereunion\/wp-json\/wp\/v2\/tags?post=21638"}],"curies":[{"name":"wp","href":"https:\/\/api.w.org\/{rel}","templated":true}]}}