{"id":31280,"date":"2024-06-08T21:21:30","date_gmt":"2024-06-08T19:21:30","guid":{"rendered":"https:\/\/sites.ffkarate.fr\/liguereunion\/?p=31280"},"modified":"2024-06-08T21:27:16","modified_gmt":"2024-06-08T19:27:16","slug":"kyoku-stage-avec-romain-anselmo-le-7-juin","status":"publish","type":"post","link":"https:\/\/sites.ffkarate.fr\/liguereunion\/2024\/06\/08\/kyoku-stage-avec-romain-anselmo-le-7-juin\/","title":{"rendered":"Kyoku : stage avec Romain ANSELMO le 7 juin"},"content":{"rendered":"<div class=\"wpb-content-wrapper\"><p>[vc_row][vc_column][vc_column_text]<strong>Deuxi\u00e8me s\u00e9ance ce vendredi au dojo r\u00e9gional pour le stage dirig\u00e9 par l&rsquo;Expert f\u00e9d\u00e9ral FFK kyokushinka\u00ef Romain ANSELMO.<br \/>\nStage tout aussi intense que la veille. <\/strong><br \/>\n<strong>Les clubs \u00e9taient toujours au rendez vous et les participants plus nombreux pour cette veille de week-end. <\/strong><br \/>\n<strong>La suite dimanche matin \u00e0 Saint Andr\u00e9.<br \/>\nA suivre&#8230;&#8230;&#8230;&#8230;&#8230; <\/strong>[\/vc_column_text][\/vc_column][\/vc_row][vc_row][vc_column][vc_gallery images=\u00a0\u00bb31231,31233,31232,31234,31235,31236,31237,31238,31239,31240,31241,31242,31243,31244,31245,31246,31247,31248,31249,31250,31251,31252,31253,31254,31255,31256,31257,31258,31259,31260,31261,31262,31263,31264,31265,31266,31267,31268,31269,31270,31271,31272,31273,31274,31275,31276,31277,31278,31279&Prime;][\/vc_column][\/vc_row]<\/p>\n<\/div>","protected":false},"excerpt":{"rendered":"<p>[vc_row][vc_column][vc_column_text]Deuxi\u00e8me s\u00e9ance ce vendredi au dojo r\u00e9gional pour le stage dirig\u00e9 par l&rsquo;Expert f\u00e9d\u00e9ral FFK kyokushinka\u00ef Romain ANSELMO. Stage tout aussi intense que la veille. Les clubs \u00e9taient toujours au rendez vous et les participants plus nombreux pour cette veille de week-end. La suite dimanche matin \u00e0 Saint Andr\u00e9. A suivre&#8230;&#8230;&#8230;&#8230;&#8230; [\/vc_column_text][\/vc_column][\/vc_row][vc_row][vc_column][vc_gallery images=\u00a0\u00bb31231,31233,31232,31234,31235,31236,31237,31238,31239,31240,31241,31242,31243,31244,31245,31246,31247,31248,31249,31250,31251,31252,31253,31254,31255,31256,31257,31258,31259,31260,31261,31262,31263,31264,31265,31266,31267,31268,31269,31270,31271,31272,31273,31274,31275,31276,31277,31278,31279&Prime;][\/vc_column][\/vc_row]<\/p>\n","protected":false},"author":142,"featured_media":31231,"comment_status":"closed","ping_status":"closed","sticky":false,"template":"","format":"standard","meta":{"footnotes":""},"categories":[5,1,13,115,19,107,18],"tags":[],"class_list":["post-31280","post","type-post","status-publish","format-standard","hentry","category-actualites","category-non-classe","category-institutionnel","category-kyokushinkai","category-stages","category-technique","category-vie-des-clubs"],"_links":{"self":[{"href":"https:\/\/sites.ffkarate.fr\/liguereunion\/wp-json\/wp\/v2\/posts\/31280","targetHints":{"allow":["GET"]}}],"collection":[{"href":"https:\/\/sites.ffkarate.fr\/liguereunion\/wp-json\/wp\/v2\/posts"}],"about":[{"href":"https:\/\/sites.ffkarate.fr\/liguereunion\/wp-json\/wp\/v2\/types\/post"}],"author":[{"embeddable":true,"href":"https:\/\/sites.ffkarate.fr\/liguereunion\/wp-json\/wp\/v2\/users\/142"}],"replies":[{"embeddable":true,"href":"https:\/\/sites.ffkarate.fr\/liguereunion\/wp-json\/wp\/v2\/comments?post=31280"}],"version-history":[{"count":3,"href":"https:\/\/sites.ffkarate.fr\/liguereunion\/wp-json\/wp\/v2\/posts\/31280\/revisions"}],"predecessor-version":[{"id":31283,"href":"https:\/\/sites.ffkarate.fr\/liguereunion\/wp-json\/wp\/v2\/posts\/31280\/revisions\/31283"}],"wp:featuredmedia":[{"embeddable":true,"href":"https:\/\/sites.ffkarate.fr\/liguereunion\/wp-json\/wp\/v2\/media\/31231"}],"wp:attachment":[{"href":"https:\/\/sites.ffkarate.fr\/liguereunion\/wp-json\/wp\/v2\/media?parent=31280"}],"wp:term":[{"taxonomy":"category","embeddable":true,"href":"https:\/\/sites.ffkarate.fr\/liguereunion\/wp-json\/wp\/v2\/categories?post=31280"},{"taxonomy":"post_tag","embeddable":true,"href":"https:\/\/sites.ffkarate.fr\/liguereunion\/wp-json\/wp\/v2\/tags?post=31280"}],"curies":[{"name":"wp","href":"https:\/\/api.w.org\/{rel}","templated":true}]}}