{"id":4416,"date":"2022-10-07T06:00:19","date_gmt":"2022-10-07T04:00:19","guid":{"rendered":"https:\/\/sites.ffkarate.fr\/liguereunion\/?post_type=news&#038;p=4416"},"modified":"2022-10-24T07:31:39","modified_gmt":"2022-10-24T05:31:39","slug":"calendrier-ligue-2022-2023","status":"publish","type":"post","link":"https:\/\/sites.ffkarate.fr\/liguereunion\/2022\/10\/07\/calendrier-ligue-2022-2023\/","title":{"rendered":"Calendrier Ligue 2022-2023"},"content":{"rendered":"<div class=\"wpb-content-wrapper\"><p>[vc_row][vc_column][vc_column_text]<strong><a href=\"https:\/\/sites.ffkarate.fr\/liguereunion\/calendrier\/\" target=\"_blank\" rel=\"noopener\"><span style=\"color: #ff6600\">Le calendrier Ligue 2022-2023 est publi\u00e9 (mis \u00e0 jour au 13-10-<\/span><span style=\"color: #ff6600\">2022<\/span><span style=\"color: #ff6600\">)<\/span><\/a>\u00a0 au vu du calendrier F\u00e9d\u00e9ration et des Championnats nationaux\u00a0 :\u00a0\u00a0 <\/strong><\/p>\n<p><!--more--><\/p>\n<p><strong><strong>&#8211; Assembl\u00e9e G\u00e9n\u00e9rale de la Ligue le 15 octobre<br \/>\n&#8211; R\u00e9union d&rsquo;information modalit\u00e9s 2022-2023 ETR le 24 septembre<br \/>\n<\/strong><\/strong><strong><strong>&#8211; Championnats et Coupes de clubs : publi\u00e9<br \/>\n&#8211; Grades : <span style=\"color: #000000\">publi\u00e9<\/span><br \/>\n<\/strong><\/strong><strong>&#8211; \u00c9cole R\u00e9gionale de Formation : DAF et DIF : publi\u00e9<br \/>\n&#8211; Entrainement R\u00e9gional : publi\u00e9<br \/>\n<\/strong>[\/vc_column_text][\/vc_column][\/vc_row]<\/p>\n<\/div>","protected":false},"excerpt":{"rendered":"<p>[vc_row][vc_column][vc_column_text]Le calendrier Ligue 2022-2023 est publi\u00e9 (mis \u00e0 jour au 13-10-2022)\u00a0 au vu du calendrier F\u00e9d\u00e9ration et des Championnats nationaux\u00a0 :\u00a0\u00a0<\/p>\n","protected":false},"author":142,"featured_media":4415,"comment_status":"closed","ping_status":"closed","sticky":false,"template":"","format":"standard","meta":{"footnotes":""},"categories":[10,5,8,114,11,12,13,15,14,121,16,115,119,18],"tags":[],"class_list":["post-4416","post","type-post","status-publish","format-standard","hentry","category-competitions","category-actualites","category-arbitrage","category-entrainement-regional","category-formations","category-grades","category-institutionnel","category-k-full-et-light-contact","category-karate","category-karate-contact","category-karate-mix","category-kyokushinkai","category-para-karate","category-vie-des-clubs"],"_links":{"self":[{"href":"https:\/\/sites.ffkarate.fr\/liguereunion\/wp-json\/wp\/v2\/posts\/4416","targetHints":{"allow":["GET"]}}],"collection":[{"href":"https:\/\/sites.ffkarate.fr\/liguereunion\/wp-json\/wp\/v2\/posts"}],"about":[{"href":"https:\/\/sites.ffkarate.fr\/liguereunion\/wp-json\/wp\/v2\/types\/post"}],"author":[{"embeddable":true,"href":"https:\/\/sites.ffkarate.fr\/liguereunion\/wp-json\/wp\/v2\/users\/142"}],"replies":[{"embeddable":true,"href":"https:\/\/sites.ffkarate.fr\/liguereunion\/wp-json\/wp\/v2\/comments?post=4416"}],"version-history":[{"count":10,"href":"https:\/\/sites.ffkarate.fr\/liguereunion\/wp-json\/wp\/v2\/posts\/4416\/revisions"}],"predecessor-version":[{"id":17176,"href":"https:\/\/sites.ffkarate.fr\/liguereunion\/wp-json\/wp\/v2\/posts\/4416\/revisions\/17176"}],"wp:featuredmedia":[{"embeddable":true,"href":"https:\/\/sites.ffkarate.fr\/liguereunion\/wp-json\/wp\/v2\/media\/4415"}],"wp:attachment":[{"href":"https:\/\/sites.ffkarate.fr\/liguereunion\/wp-json\/wp\/v2\/media?parent=4416"}],"wp:term":[{"taxonomy":"category","embeddable":true,"href":"https:\/\/sites.ffkarate.fr\/liguereunion\/wp-json\/wp\/v2\/categories?post=4416"},{"taxonomy":"post_tag","embeddable":true,"href":"https:\/\/sites.ffkarate.fr\/liguereunion\/wp-json\/wp\/v2\/tags?post=4416"}],"curies":[{"name":"wp","href":"https:\/\/api.w.org\/{rel}","templated":true}]}}