{"id":51757,"date":"2026-04-26T14:41:43","date_gmt":"2026-04-26T12:41:43","guid":{"rendered":"https:\/\/sites.ffkarate.fr\/liguereunion\/?p=51757"},"modified":"2026-04-26T15:07:32","modified_gmt":"2026-04-26T13:07:32","slug":"kyokushinkai-ligue-kyoku-fit-le-25-avril-au-dojo","status":"publish","type":"post","link":"https:\/\/sites.ffkarate.fr\/liguereunion\/2026\/04\/26\/kyokushinkai-ligue-kyoku-fit-le-25-avril-au-dojo\/","title":{"rendered":"Kyokushinka\u00ef Ligue : Kyoku Fit le 25 avril au dojo"},"content":{"rendered":"<div class=\"wpb-content-wrapper\"><p>[vc_row][vc_column][vc_column_text]<\/p>\n<div dir=\"auto\">Une heure intense de Kyokufit sous la houlette de Sempai Sylvette MOINDJIE ce samedi au dojo r\u00e9gional.<br \/>\nAu programme : \u00e9chauffement, des\u00a0 encha\u00eenements dynamique de techniques pieds-poings, une chor\u00e9graphie rythm\u00e9e en musique et un renforcement musculaire complet, le tout aux couleurs de l\u2019\u00eele de La R\u00e9union \ud83c\uddf7\ud83c\uddea<br \/>\nSans jamais oublier l\u2019essentiel : le sourire au rendez-vous.<br \/>\nPlusieurs clubs ont fait le d\u00e9placement pour partager ce moment \u00e0 la fois intense, rythm\u00e9 et convivial, dans une ambiance de joie et de bonne humeur.<br \/>\nUne s\u00e9ance de Kyokufit qui a marqu\u00e9 les esprits par son \u00e9nergie et son engagement.<\/div>\n<div dir=\"auto\">Prochain rendez-vous : la Coupe enfants au dojo r\u00e9gional le 24 mai. Venez nombreux !<\/div>\n<p>[\/vc_column_text][\/vc_column][\/vc_row][vc_row][vc_column][vc_gallery images=\u00a0\u00bb51780,51762,51763,51764,51765,51766,51767,51768,51769,51770,51771,51772,51773,51774,51775,51776,51777,51778,51779,51781,51782,51783,51784,51785,51786,51787&Prime;][vc_single_image image=\u00a0\u00bb51788&Prime;][\/vc_column][\/vc_row][vc_row][vc_column][ffk_button color=\u00a0\u00bbprimary\u00a0\u00bb link=\u00a0\u00bburl:https%3A%2F%2Fwww.facebook.com%2Fliguereunionkarate%2Fposts%2F26525986083689256%3Fref%3Dembed_post|title:galerie%20vid%C3%A9os|target:_blank\u00a0\u00bb][\/vc_column][\/vc_row]<\/p>\n<\/div>","protected":false},"excerpt":{"rendered":"<p>[vc_row][vc_column][vc_column_text] Une heure intense de Kyokufit sous la houlette de Sempai Sylvette MOINDJIE ce samedi au dojo r\u00e9gional. Au programme : \u00e9chauffement, des\u00a0 encha\u00eenements dynamique de techniques pieds-poings, une chor\u00e9graphie rythm\u00e9e en musique et un renforcement musculaire complet, le tout aux couleurs de l\u2019\u00eele de La R\u00e9union \ud83c\uddf7\ud83c\uddea Sans jamais oublier l\u2019essentiel : le sourire [&hellip;]<\/p>\n","protected":false},"author":142,"featured_media":51780,"comment_status":"open","ping_status":"open","sticky":false,"template":"","format":"standard","meta":{"footnotes":""},"categories":[5,115,107,18],"tags":[],"class_list":["post-51757","post","type-post","status-publish","format-standard","hentry","category-actualites","category-kyokushinkai","category-technique","category-vie-des-clubs"],"_links":{"self":[{"href":"https:\/\/sites.ffkarate.fr\/liguereunion\/wp-json\/wp\/v2\/posts\/51757","targetHints":{"allow":["GET"]}}],"collection":[{"href":"https:\/\/sites.ffkarate.fr\/liguereunion\/wp-json\/wp\/v2\/posts"}],"about":[{"href":"https:\/\/sites.ffkarate.fr\/liguereunion\/wp-json\/wp\/v2\/types\/post"}],"author":[{"embeddable":true,"href":"https:\/\/sites.ffkarate.fr\/liguereunion\/wp-json\/wp\/v2\/users\/142"}],"replies":[{"embeddable":true,"href":"https:\/\/sites.ffkarate.fr\/liguereunion\/wp-json\/wp\/v2\/comments?post=51757"}],"version-history":[{"count":5,"href":"https:\/\/sites.ffkarate.fr\/liguereunion\/wp-json\/wp\/v2\/posts\/51757\/revisions"}],"predecessor-version":[{"id":51790,"href":"https:\/\/sites.ffkarate.fr\/liguereunion\/wp-json\/wp\/v2\/posts\/51757\/revisions\/51790"}],"wp:featuredmedia":[{"embeddable":true,"href":"https:\/\/sites.ffkarate.fr\/liguereunion\/wp-json\/wp\/v2\/media\/51780"}],"wp:attachment":[{"href":"https:\/\/sites.ffkarate.fr\/liguereunion\/wp-json\/wp\/v2\/media?parent=51757"}],"wp:term":[{"taxonomy":"category","embeddable":true,"href":"https:\/\/sites.ffkarate.fr\/liguereunion\/wp-json\/wp\/v2\/categories?post=51757"},{"taxonomy":"post_tag","embeddable":true,"href":"https:\/\/sites.ffkarate.fr\/liguereunion\/wp-json\/wp\/v2\/tags?post=51757"}],"curies":[{"name":"wp","href":"https:\/\/api.w.org\/{rel}","templated":true}]}}