{"id":51791,"date":"2026-04-26T15:09:46","date_gmt":"2026-04-26T13:09:46","guid":{"rendered":"https:\/\/sites.ffkarate.fr\/liguereunion\/?p=51791"},"modified":"2026-04-27T14:32:21","modified_gmt":"2026-04-27T12:32:21","slug":"club-shotokan-karate-sud-reunion-coupe-kata-le-26-avril-2026","status":"publish","type":"post","link":"https:\/\/sites.ffkarate.fr\/liguereunion\/2026\/04\/26\/club-shotokan-karate-sud-reunion-coupe-kata-le-26-avril-2026\/","title":{"rendered":"Club Shotokan Karat\u00e9 Sud R\u00e9union : Coupe Kata le 26 avril 2026"},"content":{"rendered":"<div class=\"wpb-content-wrapper\"><p>[vc_row][vc_column][vc_column_text]<strong>Le club Shotokan Karat\u00e9 Sud R\u00e9union, en partenariat avec la Ligue de Karat\u00e9 R\u00e9union, organisait la 2\u00e8 \u00e9dition de la Coupe du club Kata ce dimanche au Complexe sportif du Centenaire \u00e0 l\u2019\u00c9tang Sal\u00e9.<\/strong><br \/>\n<strong>Pr\u00e8s de 140 techniciens \u00e9taient au rendez vous pour cette derni\u00e8re comp\u00e9tition de club de la saison toutes cat\u00e9gories des Poussins aux Seniors et V\u00e9t\u00e9rans<\/strong>.<br \/>\n<strong>La <\/strong><strong>comp\u00e9tition s&rsquo;est tr\u00e8s bien d\u00e9roul\u00e9e, dans une belle ambiance.<br \/>\nC&rsquo;\u00e9tait la f\u00eate du kata et durant toute la journ\u00e9e les kia\u00ef ont r\u00e9sonn\u00e9 dans le gymnase.<br \/>\nMerci au club organisateur de la Pr\u00e9sidente Mme Nelly Morel et Florent et leur \u00e9quipe, ce fut une belle r\u00e9ussite.<br \/>\nBravo \u00e0 tous.<\/strong>[\/vc_column_text][ffk_button color=\u00a0\u00bbprimary\u00a0\u00bb link=\u00a0\u00bburl:https%3A%2F%2Fsites.ffkarate.fr%2Fliguereunion%2Fwp-content%2Fuploads%2Fsites%2F122%2F2026%2F04%2FCOUPE-SHOTO-SUD-26-04-2026-resultats.pdf|title:les%20r%C3%A9sultats|target:_blank\u00a0\u00bb][\/vc_column][\/vc_row][vc_row][vc_column][vc_column_text]<img decoding=\"async\" class=\"alignnone size-full wp-image-23629\" src=\"https:\/\/sites.ffkarate.fr\/liguereunion\/wp-content\/uploads\/sites\/122\/2023\/10\/appareil-photo-e1698503202735.jpg\" alt=\"\" width=\"50\" height=\"40\" \/>Sergianne Lagrange VP Ligue.[\/vc_column_text][\/vc_column][\/vc_row][vc_row][vc_column][vc_gallery images=\u00a0\u00bb51798,51799,51800,51801,51802,51803,51804,51805,51806,51807,51808,51809,51810,51811,51812,51813,51814,51815,51816,51817,51818,51819,51820,51821,51822,51823,51824,51825,51826,51827,51828,51829,51830,51831,51832,51833,51834,51835&Prime; title=\u00a0\u00bbles podiums\u00a0\u00bb][vc_gallery images=\u00a0\u00bb51839,51840,51841,51842,51843,51844,51845,51846,51847,51848,51849,51850,51851,51852,51853,51854,51855,51856,51857,51858,51859,51860,51861,51862,51863,51864,51865,51866,51867,51868,51869,51870,51871,51872,51873,51874,51875,51876,51877,51878,51879,51880,51881,51882,51883,51884,51885,51886,51887,51888,51889,51890,51891,51892,51893,51894,51895,51896,51897,51898,51899,51900,51901,51902,51903,51904,51905,51906,51907,51908,51909,51910,51911,51912,51913,51914,51915,51916,51917,51918,51919,51920,51921,51922,51923,51924,51925,51926,51927,51928,51929,51930,51931,51932,51933,51934,51935,51936,51937,51938,51939,51940,51941,51942,51943,51944,51945,51946,51947,51948,51949,51950,51951,51952,51953,51954,51955,51956,51957&Prime; title=\u00a0\u00bbgalerie photos 1&Prime;][\/vc_column][\/vc_row][vc_row][vc_column][vc_single_image image=\u00a0\u00bb51242&Prime;][\/vc_column][\/vc_row]<\/p>\n<\/div>","protected":false},"excerpt":{"rendered":"<p>[vc_row][vc_column][vc_column_text]Le club Shotokan Karat\u00e9 Sud R\u00e9union, en partenariat avec la Ligue de Karat\u00e9 R\u00e9union, organisait la 2\u00e8 \u00e9dition de la Coupe du club Kata ce dimanche au Complexe sportif du Centenaire \u00e0 l\u2019\u00c9tang Sal\u00e9. Pr\u00e8s de 140 techniciens \u00e9taient au rendez vous pour cette derni\u00e8re comp\u00e9tition de club de la saison toutes cat\u00e9gories des Poussins [&hellip;]<\/p>\n","protected":false},"author":142,"featured_media":51839,"comment_status":"closed","ping_status":"closed","sticky":false,"template":"","format":"standard","meta":{"footnotes":""},"categories":[5,8,10,14,107,18],"tags":[],"class_list":["post-51791","post","type-post","status-publish","format-standard","hentry","category-actualites","category-arbitrage","category-competitions","category-karate","category-technique","category-vie-des-clubs"],"_links":{"self":[{"href":"https:\/\/sites.ffkarate.fr\/liguereunion\/wp-json\/wp\/v2\/posts\/51791","targetHints":{"allow":["GET"]}}],"collection":[{"href":"https:\/\/sites.ffkarate.fr\/liguereunion\/wp-json\/wp\/v2\/posts"}],"about":[{"href":"https:\/\/sites.ffkarate.fr\/liguereunion\/wp-json\/wp\/v2\/types\/post"}],"author":[{"embeddable":true,"href":"https:\/\/sites.ffkarate.fr\/liguereunion\/wp-json\/wp\/v2\/users\/142"}],"replies":[{"embeddable":true,"href":"https:\/\/sites.ffkarate.fr\/liguereunion\/wp-json\/wp\/v2\/comments?post=51791"}],"version-history":[{"count":9,"href":"https:\/\/sites.ffkarate.fr\/liguereunion\/wp-json\/wp\/v2\/posts\/51791\/revisions"}],"predecessor-version":[{"id":51958,"href":"https:\/\/sites.ffkarate.fr\/liguereunion\/wp-json\/wp\/v2\/posts\/51791\/revisions\/51958"}],"wp:featuredmedia":[{"embeddable":true,"href":"https:\/\/sites.ffkarate.fr\/liguereunion\/wp-json\/wp\/v2\/media\/51839"}],"wp:attachment":[{"href":"https:\/\/sites.ffkarate.fr\/liguereunion\/wp-json\/wp\/v2\/media?parent=51791"}],"wp:term":[{"taxonomy":"category","embeddable":true,"href":"https:\/\/sites.ffkarate.fr\/liguereunion\/wp-json\/wp\/v2\/categories?post=51791"},{"taxonomy":"post_tag","embeddable":true,"href":"https:\/\/sites.ffkarate.fr\/liguereunion\/wp-json\/wp\/v2\/tags?post=51791"}],"curies":[{"name":"wp","href":"https:\/\/api.w.org\/{rel}","templated":true}]}}