{"id":51962,"date":"2026-04-27T15:48:33","date_gmt":"2026-04-27T13:48:33","guid":{"rendered":"https:\/\/sites.ffkarate.fr\/liguereunion\/?p=51962"},"modified":"2026-04-27T16:32:16","modified_gmt":"2026-04-27T14:32:16","slug":"metis-pillant-champion-de-france-cadet-le-26-avril","status":"publish","type":"post","link":"https:\/\/sites.ffkarate.fr\/liguereunion\/2026\/04\/27\/metis-pillant-champion-de-france-cadet-le-26-avril\/","title":{"rendered":"M\u00e9tis Pillant Champion de France Cadet le 26 avril"},"content":{"rendered":"<div class=\"wpb-content-wrapper\"><p>[vc_row][vc_column][vc_column_text]<strong>Apr\u00e8s sa performance au Championnat Kata il y a 15 jours, M\u00e9tis, <span class=\"x193iq5w xeuugli x13faqbe x1vvkbs x1xmvt09 x1lliihq x1s928wv xhkezso x1gmr53x x1cpjm7i x1fgarty x1943h6x xudqn12 x3x7a5m x6prxxf xvq8zen xo1l8bm xzsf02u x1yc453h\" dir=\"auto\">notre Kr\u00e9opolitain du club d&rsquo;Annecy,<\/span> a confirm\u00e9 sa bonne forme ce week end en remportant le Championnat de France Cadet + 70 kg.\u00a0<\/strong><br \/>\n<strong>Bravo et bonne continuation.\u00a0<\/strong>[\/vc_column_text][\/vc_column][\/vc_row][vc_row][vc_column][vc_single_image image=\u00a0\u00bb51959&Prime; title=\u00a0\u00bbM\u00e9tis 1er en Cadet +70 kg\u00a0\u00bb][vc_single_image image=\u00a0\u00bb51960&Prime; title=\u00a0\u00bbM\u00e9tis Champion et le Pr\u00e9sident de la F\u00e9d\u00e9ration Fran\u00e7aise de Karat\u00e9\u00a0\u00bb][vc_single_image image=\u00a0\u00bb51961&Prime;][\/vc_column][\/vc_row]<\/p>\n<\/div>","protected":false},"excerpt":{"rendered":"<p>[vc_row][vc_column][vc_column_text]Apr\u00e8s sa performance au Championnat Kata il y a 15 jours, M\u00e9tis, notre Kr\u00e9opolitain du club d&rsquo;Annecy, a confirm\u00e9 sa bonne forme ce week end en remportant le Championnat de France Cadet + 70 kg.\u00a0 Bravo et bonne continuation.\u00a0[\/vc_column_text][\/vc_column][\/vc_row][vc_row][vc_column][vc_single_image image=\u00a0\u00bb51959&Prime; title=\u00a0\u00bbM\u00e9tis 1er en Cadet +70 kg\u00a0\u00bb][vc_single_image image=\u00a0\u00bb51960&Prime; title=\u00a0\u00bbM\u00e9tis Champion et le Pr\u00e9sident de la F\u00e9d\u00e9ration [&hellip;]<\/p>\n","protected":false},"author":142,"featured_media":51961,"comment_status":"open","ping_status":"open","sticky":false,"template":"","format":"standard","meta":{"footnotes":""},"categories":[5,8,10,1,14,18],"tags":[],"class_list":["post-51962","post","type-post","status-publish","format-standard","hentry","category-actualites","category-arbitrage","category-competitions","category-non-classe","category-karate","category-vie-des-clubs"],"_links":{"self":[{"href":"https:\/\/sites.ffkarate.fr\/liguereunion\/wp-json\/wp\/v2\/posts\/51962","targetHints":{"allow":["GET"]}}],"collection":[{"href":"https:\/\/sites.ffkarate.fr\/liguereunion\/wp-json\/wp\/v2\/posts"}],"about":[{"href":"https:\/\/sites.ffkarate.fr\/liguereunion\/wp-json\/wp\/v2\/types\/post"}],"author":[{"embeddable":true,"href":"https:\/\/sites.ffkarate.fr\/liguereunion\/wp-json\/wp\/v2\/users\/142"}],"replies":[{"embeddable":true,"href":"https:\/\/sites.ffkarate.fr\/liguereunion\/wp-json\/wp\/v2\/comments?post=51962"}],"version-history":[{"count":5,"href":"https:\/\/sites.ffkarate.fr\/liguereunion\/wp-json\/wp\/v2\/posts\/51962\/revisions"}],"predecessor-version":[{"id":51980,"href":"https:\/\/sites.ffkarate.fr\/liguereunion\/wp-json\/wp\/v2\/posts\/51962\/revisions\/51980"}],"wp:featuredmedia":[{"embeddable":true,"href":"https:\/\/sites.ffkarate.fr\/liguereunion\/wp-json\/wp\/v2\/media\/51961"}],"wp:attachment":[{"href":"https:\/\/sites.ffkarate.fr\/liguereunion\/wp-json\/wp\/v2\/media?parent=51962"}],"wp:term":[{"taxonomy":"category","embeddable":true,"href":"https:\/\/sites.ffkarate.fr\/liguereunion\/wp-json\/wp\/v2\/categories?post=51962"},{"taxonomy":"post_tag","embeddable":true,"href":"https:\/\/sites.ffkarate.fr\/liguereunion\/wp-json\/wp\/v2\/tags?post=51962"}],"curies":[{"name":"wp","href":"https:\/\/api.w.org\/{rel}","templated":true}]}}