{"id":51968,"date":"2026-04-27T16:02:55","date_gmt":"2026-04-27T14:02:55","guid":{"rendered":"https:\/\/sites.ffkarate.fr\/liguereunion\/?p=51968"},"modified":"2026-04-27T16:13:50","modified_gmt":"2026-04-27T14:13:50","slug":"championnat-deurope-seniors-2026-helvetia-taily-selectionnee","status":"publish","type":"post","link":"https:\/\/sites.ffkarate.fr\/liguereunion\/2026\/04\/27\/championnat-deurope-seniors-2026-helvetia-taily-selectionnee\/","title":{"rendered":"Championnat d&rsquo;Europe Seniors 2026 : Helv\u00e9tia Taily s\u00e9lectionn\u00e9e"},"content":{"rendered":"<div class=\"wpb-content-wrapper\"><p>[vc_row][vc_column][vc_column_text]<strong>Les championnats d\u2019Europe se d\u00e9rouleront du 20 au 24 mai 2026 \u00e0 Francfort (Allemagne).<br \/>\nHelv\u00e9tia retenue dans la S\u00e9lection en individuel kata.\u00a0<\/strong>[\/vc_column_text][ffk_button color=\u00a0\u00bbprimary\u00a0\u00bb link=\u00a0\u00bburl:https%3A%2F%2Fwww.ffkarate.fr%2Fchampionnats-deurope-2024-la-liste-des-selectionnes-2-2%2F|title:un%20lien%20site%20f%C3%A9d%C3%A9ral|target:_blank\u00a0\u00bb][\/vc_column][\/vc_row][vc_row][vc_column][vc_single_image image=\u00a0\u00bb51967&Prime;][\/vc_column][\/vc_row]<\/p>\n<\/div>","protected":false},"excerpt":{"rendered":"<p>[vc_row][vc_column][vc_column_text]Les championnats d\u2019Europe se d\u00e9rouleront du 20 au 24 mai 2026 \u00e0 Francfort (Allemagne). Helv\u00e9tia retenue dans la S\u00e9lection en individuel kata.\u00a0[\/vc_column_text][ffk_button color=\u00a0\u00bbprimary\u00a0\u00bb link=\u00a0\u00bburl:https%3A%2F%2Fwww.ffkarate.fr%2Fchampionnats-deurope-2024-la-liste-des-selectionnes-2-2%2F|title:un%20lien%20site%20f%C3%A9d%C3%A9ral|target:_blank\u00a0\u00bb][\/vc_column][\/vc_row][vc_row][vc_column][vc_single_image image=\u00a0\u00bb51967&Prime;][\/vc_column][\/vc_row]<\/p>\n","protected":false},"author":142,"featured_media":51967,"comment_status":"open","ping_status":"open","sticky":false,"template":"","format":"standard","meta":{"footnotes":""},"categories":[5,10,1,14,107,18],"tags":[],"class_list":["post-51968","post","type-post","status-publish","format-standard","hentry","category-actualites","category-competitions","category-non-classe","category-karate","category-technique","category-vie-des-clubs"],"_links":{"self":[{"href":"https:\/\/sites.ffkarate.fr\/liguereunion\/wp-json\/wp\/v2\/posts\/51968","targetHints":{"allow":["GET"]}}],"collection":[{"href":"https:\/\/sites.ffkarate.fr\/liguereunion\/wp-json\/wp\/v2\/posts"}],"about":[{"href":"https:\/\/sites.ffkarate.fr\/liguereunion\/wp-json\/wp\/v2\/types\/post"}],"author":[{"embeddable":true,"href":"https:\/\/sites.ffkarate.fr\/liguereunion\/wp-json\/wp\/v2\/users\/142"}],"replies":[{"embeddable":true,"href":"https:\/\/sites.ffkarate.fr\/liguereunion\/wp-json\/wp\/v2\/comments?post=51968"}],"version-history":[{"count":6,"href":"https:\/\/sites.ffkarate.fr\/liguereunion\/wp-json\/wp\/v2\/posts\/51968\/revisions"}],"predecessor-version":[{"id":51974,"href":"https:\/\/sites.ffkarate.fr\/liguereunion\/wp-json\/wp\/v2\/posts\/51968\/revisions\/51974"}],"wp:featuredmedia":[{"embeddable":true,"href":"https:\/\/sites.ffkarate.fr\/liguereunion\/wp-json\/wp\/v2\/media\/51967"}],"wp:attachment":[{"href":"https:\/\/sites.ffkarate.fr\/liguereunion\/wp-json\/wp\/v2\/media?parent=51968"}],"wp:term":[{"taxonomy":"category","embeddable":true,"href":"https:\/\/sites.ffkarate.fr\/liguereunion\/wp-json\/wp\/v2\/categories?post=51968"},{"taxonomy":"post_tag","embeddable":true,"href":"https:\/\/sites.ffkarate.fr\/liguereunion\/wp-json\/wp\/v2\/tags?post=51968"}],"curies":[{"name":"wp","href":"https:\/\/api.w.org\/{rel}","templated":true}]}}