{"id":51975,"date":"2026-04-27T16:16:36","date_gmt":"2026-04-27T14:16:36","guid":{"rendered":"https:\/\/sites.ffkarate.fr\/liguereunion\/?p=51975"},"modified":"2026-04-27T16:22:27","modified_gmt":"2026-04-27T14:22:27","slug":"championnat-reunion-combats-le-3-mai-a-bras-panon","status":"publish","type":"post","link":"https:\/\/sites.ffkarate.fr\/liguereunion\/2026\/04\/27\/championnat-reunion-combats-le-3-mai-a-bras-panon\/","title":{"rendered":"Championnat R\u00e9union combats le 3 mai \u00e0 Bras Panon"},"content":{"rendered":"<div class=\"wpb-content-wrapper\"><p>[vc_row][vc_column][vc_column_text]<strong>La Ligue de Karat\u00e9 R\u00e9union organise la derni\u00e8re journ\u00e9e de Championnat de La R\u00e9union de Karat\u00e9 combats ce dimanche au dojo Lucie Ignace \u00e0 Bras Panon.\u00a0<\/strong><br \/>\n<strong>Les inscriptions sont \u00e0 faire par les clubs jusqu&rsquo;au jeudi 30 avril \u00e0 minuit et toujours sur le site f\u00e9d\u00e9ral d\u00e9di\u00e9.\u00a0<\/strong>[\/vc_column_text][ffk_button color=\u00a0\u00bbprimary\u00a0\u00bb link=\u00a0\u00bburl:https%3A%2F%2Fwww.ffkcompetition.fr%2F|title:site%20inscriptions|target:_blank\u00a0\u00bb][vc_column_text]<strong>Pes\u00e9e et Contr\u00f4le des passeports \u00e0 :<br \/>\n8h pour les Poussins (Indiv) ;<br \/>\n8h30 pour les Pupilles (Indiv) ;<br \/>\n9h pour les Benjamins (Indiv).\u00a0\u00a0<\/strong>[\/vc_column_text][\/vc_column][\/vc_row]<\/p>\n<\/div>","protected":false},"excerpt":{"rendered":"<p>[vc_row][vc_column][vc_column_text]La Ligue de Karat\u00e9 R\u00e9union organise la derni\u00e8re journ\u00e9e de Championnat de La R\u00e9union de Karat\u00e9 combats ce dimanche au dojo Lucie Ignace \u00e0 Bras Panon.\u00a0 Les inscriptions sont \u00e0 faire par les clubs jusqu&rsquo;au jeudi 30 avril \u00e0 minuit et toujours sur le site f\u00e9d\u00e9ral d\u00e9di\u00e9.\u00a0[\/vc_column_text][ffk_button color=\u00a0\u00bbprimary\u00a0\u00bb link=\u00a0\u00bburl:https%3A%2F%2Fwww.ffkcompetition.fr%2F|title:site%20inscriptions|target:_blank\u00a0\u00bb][vc_column_text]Pes\u00e9e et Contr\u00f4le des passeports \u00e0 : [&hellip;]<\/p>\n","protected":false},"author":142,"featured_media":50194,"comment_status":"closed","ping_status":"closed","sticky":false,"template":"","format":"standard","meta":{"footnotes":""},"categories":[5,8,10,14,18],"tags":[],"class_list":["post-51975","post","type-post","status-publish","format-standard","hentry","category-actualites","category-arbitrage","category-competitions","category-karate","category-vie-des-clubs"],"_links":{"self":[{"href":"https:\/\/sites.ffkarate.fr\/liguereunion\/wp-json\/wp\/v2\/posts\/51975","targetHints":{"allow":["GET"]}}],"collection":[{"href":"https:\/\/sites.ffkarate.fr\/liguereunion\/wp-json\/wp\/v2\/posts"}],"about":[{"href":"https:\/\/sites.ffkarate.fr\/liguereunion\/wp-json\/wp\/v2\/types\/post"}],"author":[{"embeddable":true,"href":"https:\/\/sites.ffkarate.fr\/liguereunion\/wp-json\/wp\/v2\/users\/142"}],"replies":[{"embeddable":true,"href":"https:\/\/sites.ffkarate.fr\/liguereunion\/wp-json\/wp\/v2\/comments?post=51975"}],"version-history":[{"count":4,"href":"https:\/\/sites.ffkarate.fr\/liguereunion\/wp-json\/wp\/v2\/posts\/51975\/revisions"}],"predecessor-version":[{"id":51979,"href":"https:\/\/sites.ffkarate.fr\/liguereunion\/wp-json\/wp\/v2\/posts\/51975\/revisions\/51979"}],"wp:featuredmedia":[{"embeddable":true,"href":"https:\/\/sites.ffkarate.fr\/liguereunion\/wp-json\/wp\/v2\/media\/50194"}],"wp:attachment":[{"href":"https:\/\/sites.ffkarate.fr\/liguereunion\/wp-json\/wp\/v2\/media?parent=51975"}],"wp:term":[{"taxonomy":"category","embeddable":true,"href":"https:\/\/sites.ffkarate.fr\/liguereunion\/wp-json\/wp\/v2\/categories?post=51975"},{"taxonomy":"post_tag","embeddable":true,"href":"https:\/\/sites.ffkarate.fr\/liguereunion\/wp-json\/wp\/v2\/tags?post=51975"}],"curies":[{"name":"wp","href":"https:\/\/api.w.org\/{rel}","templated":true}]}}