{"id":9826,"date":"2019-05-05T13:26:23","date_gmt":"2019-05-05T11:26:23","guid":{"rendered":"https:\/\/sites.ffkarate.fr\/liguereunion\/?post_type=news&#038;p=9826"},"modified":"2021-06-05T20:34:28","modified_gmt":"2021-06-05T18:34:28","slug":"kyoku-first-indian-ocean-championship-le-12-mai","status":"publish","type":"post","link":"https:\/\/sites.ffkarate.fr\/liguereunion\/2019\/05\/05\/kyoku-first-indian-ocean-championship-le-12-mai\/","title":{"rendered":"Kyoku : First Indian Ocean Championship le 12 mai"},"content":{"rendered":"<div class=\"wpb-content-wrapper\"><p>[vc_row][vc_column][vc_column_text]<strong>Le KWF R\u00e9union organise une comp\u00e9tition internationale de Kyokushin de l&rsquo;Oc\u00e9an Indien KUMITE &amp; KATA le dimanche 12 mai 2019 au gymnase de Champ Fleuri &#8211; Saint Denis.\u00a0\u00a0 <\/strong><!--more--><\/p>\n<p><strong>Pr\u00e9sence de Shihan Antonio Pinero<br \/>\net de Jean Paul Jacquot Champion d&rsquo;Europe.<br \/>\n<\/strong><\/p>\n<p><strong>Pays repr\u00e9sent\u00e9s : Ile Maurice, Japon, Afrique du sud, Iran<br \/>\n<\/strong><strong>Informations sur le site <a href=\"http:\/\/www.kwf-france.fr\/?fbclid=IwAR2ZRyESmT393gOYvVmgVxyi1Iv4ojJJT994Yv03cpLu6ksjD_MuTNDH4pk\" target=\"_blank\" rel=\"noopener\">www.kwf-france.fr<\/a>\u00a0\u00a0 \u00a0 <\/strong><\/p>\n<p><strong>tarifs billets sur place :<br \/>\n<\/strong><strong>8 euros enfant &#8211; de 14 ans<br \/>\n<\/strong><strong>15 euros sur place<br \/>\ngratuit pour les moins de 4 ans<br \/>\n<\/strong><\/p>\n<p><strong><a href=\"https:\/\/sites.ffkarate.fr\/liguereunion\/wp-content\/uploads\/sites\/27\/2019\/05\/Presentation-KWF-Championship-2019.pdf\" target=\"_blank\" rel=\"noopener\">Pr\u00e9sentation KWF Championship 2019 (doc en pdf)<\/a><br \/>\n<\/strong><\/p>\n<p><iframe loading=\"lazy\" title=\"Pr\u00e9sentation &quot;First Indian Ocean Championship KWF 2019&quot;\" width=\"500\" height=\"281\" src=\"https:\/\/www.youtube.com\/embed\/oGYxNfuNszA?feature=oembed\" frameborder=\"0\" allow=\"accelerometer; autoplay; clipboard-write; encrypted-media; gyroscope; picture-in-picture; web-share\" referrerpolicy=\"strict-origin-when-cross-origin\" allowfullscreen><\/iframe><\/p>\n<p><img decoding=\"async\" class=\"alignleft wp-image-9824 size-full\" src=\"https:\/\/sites.ffkarate.fr\/liguereunion\/wp-content\/uploads\/sites\/122\/2019\/05\/affiche-kwf-first.jpg\" alt=\"affiche kwf first\" width=\"566\" height=\"800\" \/>[\/vc_column_text][\/vc_column][\/vc_row][vc_row][vc_column][vc_column_text][\/vc_column_text][\/vc_column][\/vc_row][vc_row][vc_column][vc_column_text]1557056367[\/vc_column_text][\/vc_column][\/vc_row]<\/p>\n<\/div>","protected":false},"excerpt":{"rendered":"<p>[vc_row][vc_column][vc_column_text]Le KWF R\u00e9union organise une comp\u00e9tition internationale de Kyokushin de l&rsquo;Oc\u00e9an Indien KUMITE &amp; KATA le dimanche 12 mai 2019 au gymnase de Champ Fleuri &#8211; Saint Denis.\u00a0\u00a0<\/p>\n","protected":false},"author":142,"featured_media":9824,"comment_status":"closed","ping_status":"closed","sticky":false,"template":"","format":"standard","meta":{"footnotes":""},"categories":[10,115],"tags":[],"class_list":["post-9826","post","type-post","status-publish","format-standard","hentry","category-competitions","category-kyokushinkai"],"_links":{"self":[{"href":"https:\/\/sites.ffkarate.fr\/liguereunion\/wp-json\/wp\/v2\/posts\/9826","targetHints":{"allow":["GET"]}}],"collection":[{"href":"https:\/\/sites.ffkarate.fr\/liguereunion\/wp-json\/wp\/v2\/posts"}],"about":[{"href":"https:\/\/sites.ffkarate.fr\/liguereunion\/wp-json\/wp\/v2\/types\/post"}],"author":[{"embeddable":true,"href":"https:\/\/sites.ffkarate.fr\/liguereunion\/wp-json\/wp\/v2\/users\/142"}],"replies":[{"embeddable":true,"href":"https:\/\/sites.ffkarate.fr\/liguereunion\/wp-json\/wp\/v2\/comments?post=9826"}],"version-history":[{"count":1,"href":"https:\/\/sites.ffkarate.fr\/liguereunion\/wp-json\/wp\/v2\/posts\/9826\/revisions"}],"predecessor-version":[{"id":13189,"href":"https:\/\/sites.ffkarate.fr\/liguereunion\/wp-json\/wp\/v2\/posts\/9826\/revisions\/13189"}],"wp:featuredmedia":[{"embeddable":true,"href":"https:\/\/sites.ffkarate.fr\/liguereunion\/wp-json\/wp\/v2\/media\/9824"}],"wp:attachment":[{"href":"https:\/\/sites.ffkarate.fr\/liguereunion\/wp-json\/wp\/v2\/media?parent=9826"}],"wp:term":[{"taxonomy":"category","embeddable":true,"href":"https:\/\/sites.ffkarate.fr\/liguereunion\/wp-json\/wp\/v2\/categories?post=9826"},{"taxonomy":"post_tag","embeddable":true,"href":"https:\/\/sites.ffkarate.fr\/liguereunion\/wp-json\/wp\/v2\/tags?post=9826"}],"curies":[{"name":"wp","href":"https:\/\/api.w.org\/{rel}","templated":true}]}}