{"id":9938,"date":"2019-06-08T19:27:49","date_gmt":"2019-06-08T17:27:49","guid":{"rendered":"https:\/\/sites.ffkarate.fr\/liguereunion\/?post_type=news&#038;p=9938"},"modified":"2021-05-29T08:51:27","modified_gmt":"2021-05-29T06:51:27","slug":"corg-passage-de-grades-pour-les-disciplines-associees","status":"publish","type":"post","link":"https:\/\/sites.ffkarate.fr\/liguereunion\/2019\/06\/08\/corg-passage-de-grades-pour-les-disciplines-associees\/","title":{"rendered":"CORG : Passage de Grades pour les Disciplines Associ\u00e9es"},"content":{"rendered":"<div class=\"wpb-content-wrapper\"><p>[vc_row][vc_column][vc_column_text]<strong>Ce samedi 8 juin se d\u00e9roulait le passage de Grades pour les Disciplines Associ\u00e9es au gymnase de Flacourt \u00e0 Ste Marie.\u00a0 <\/strong><br \/>\n<strong>Les candidats du Pencak Silat , Ta\u00ef Do et AMSAE se pr\u00e9sentaient devant le jury pour l&rsquo;obtention du 1er ou 2\u00e8 ou 3\u00e8 Dan.\u00a0 <\/strong><br \/>\n<strong> Des candidats bien pr\u00e9par\u00e9s ont permis au jury de constater 100 % de r\u00e9ussite pour cette session dans les diff\u00e9rents grades.<br \/>\nBravo aux nouveaux grad\u00e9s !<br \/>\n<\/strong><!--more--><\/p>\n<p><img decoding=\"async\" class=\"alignleft wp-image-9928 size-full\" src=\"https:\/\/sites.ffkarate.fr\/liguereunion\/wp-content\/uploads\/sites\/122\/2019\/06\/CORG-PDG-DA-8-06-19-01-rotated-e1622270926327.jpg\" alt=\"CORG PDG DA 8-06-19-01\" width=\"800\" height=\"670\" srcset=\"https:\/\/sites.ffkarate.fr\/liguereunion\/wp-content\/uploads\/sites\/122\/2019\/06\/CORG-PDG-DA-8-06-19-01-rotated-e1622270926327.jpg 800w, https:\/\/sites.ffkarate.fr\/liguereunion\/wp-content\/uploads\/sites\/122\/2019\/06\/CORG-PDG-DA-8-06-19-01-rotated-e1622270926327-300x251.jpg 300w, https:\/\/sites.ffkarate.fr\/liguereunion\/wp-content\/uploads\/sites\/122\/2019\/06\/CORG-PDG-DA-8-06-19-01-rotated-e1622270926327-768x643.jpg 768w\" sizes=\"(max-width: 800px) 100vw, 800px\" \/><img decoding=\"async\" class=\"alignleft wp-image-9929 size-full\" src=\"https:\/\/sites.ffkarate.fr\/liguereunion\/wp-content\/uploads\/sites\/122\/2019\/06\/CORG-PDG-DA-8-06-19-02-rotated-e1622270943538.jpg\" alt=\"CORG PDG DA 8-06-19-02\" width=\"600\" height=\"800\" srcset=\"https:\/\/sites.ffkarate.fr\/liguereunion\/wp-content\/uploads\/sites\/122\/2019\/06\/CORG-PDG-DA-8-06-19-02-rotated-e1622270943538.jpg 600w, https:\/\/sites.ffkarate.fr\/liguereunion\/wp-content\/uploads\/sites\/122\/2019\/06\/CORG-PDG-DA-8-06-19-02-rotated-e1622270943538-225x300.jpg 225w\" sizes=\"(max-width: 600px) 100vw, 600px\" \/><\/p>\n<div id=\"attachment_9930\" style=\"width: 610px\" class=\"wp-caption alignleft\"><img decoding=\"async\" aria-describedby=\"caption-attachment-9930\" class=\"wp-image-9930 size-full\" src=\"https:\/\/sites.ffkarate.fr\/liguereunion\/wp-content\/uploads\/sites\/122\/2019\/06\/CORG-PDG-DA-8-06-19-03-rotated-e1622270961707.jpg\" alt=\"Le Responsable de la CORG \" width=\"600\" height=\"800\" srcset=\"https:\/\/sites.ffkarate.fr\/liguereunion\/wp-content\/uploads\/sites\/122\/2019\/06\/CORG-PDG-DA-8-06-19-03-rotated-e1622270961707.jpg 600w, https:\/\/sites.ffkarate.fr\/liguereunion\/wp-content\/uploads\/sites\/122\/2019\/06\/CORG-PDG-DA-8-06-19-03-rotated-e1622270961707-225x300.jpg 225w\" sizes=\"(max-width: 600px) 100vw, 600px\" \/><p id=\"caption-attachment-9930\" class=\"wp-caption-text\">Le Responsable de la CORG<\/p><\/div>\n<p><img decoding=\"async\" class=\"alignleft wp-image-9931 size-full\" src=\"https:\/\/sites.ffkarate.fr\/liguereunion\/wp-content\/uploads\/sites\/122\/2019\/06\/CORG-PDG-DA-8-06-19-04-rotated-e1622270981214.jpg\" alt=\"CORG PDG DA 8-06-19-04\" width=\"600\" height=\"800\" srcset=\"https:\/\/sites.ffkarate.fr\/liguereunion\/wp-content\/uploads\/sites\/122\/2019\/06\/CORG-PDG-DA-8-06-19-04-rotated-e1622270981214.jpg 600w, https:\/\/sites.ffkarate.fr\/liguereunion\/wp-content\/uploads\/sites\/122\/2019\/06\/CORG-PDG-DA-8-06-19-04-rotated-e1622270981214-225x300.jpg 225w\" sizes=\"(max-width: 600px) 100vw, 600px\" \/><\/p>\n<div id=\"attachment_9932\" style=\"width: 610px\" class=\"wp-caption alignleft\"><img decoding=\"async\" aria-describedby=\"caption-attachment-9932\" class=\"wp-image-9932 size-full\" src=\"https:\/\/sites.ffkarate.fr\/liguereunion\/wp-content\/uploads\/sites\/122\/2019\/06\/CORG-PDG-DA-8-06-19-05-rotated-e1622271002441.jpg\" alt=\"le jury \" width=\"600\" height=\"800\" srcset=\"https:\/\/sites.ffkarate.fr\/liguereunion\/wp-content\/uploads\/sites\/122\/2019\/06\/CORG-PDG-DA-8-06-19-05-rotated-e1622271002441.jpg 600w, https:\/\/sites.ffkarate.fr\/liguereunion\/wp-content\/uploads\/sites\/122\/2019\/06\/CORG-PDG-DA-8-06-19-05-rotated-e1622271002441-225x300.jpg 225w\" sizes=\"(max-width: 600px) 100vw, 600px\" \/><p id=\"caption-attachment-9932\" class=\"wp-caption-text\">le jury<\/p><\/div>\n<div id=\"attachment_9933\" style=\"width: 610px\" class=\"wp-caption alignleft\"><img decoding=\"async\" aria-describedby=\"caption-attachment-9933\" class=\"wp-image-9933 size-full\" src=\"https:\/\/sites.ffkarate.fr\/liguereunion\/wp-content\/uploads\/sites\/122\/2019\/06\/CORG-PDG-DA-8-06-19-06-rotated-e1622271026755.jpg\" alt=\"le jury \" width=\"600\" height=\"800\" srcset=\"https:\/\/sites.ffkarate.fr\/liguereunion\/wp-content\/uploads\/sites\/122\/2019\/06\/CORG-PDG-DA-8-06-19-06-rotated-e1622271026755.jpg 600w, https:\/\/sites.ffkarate.fr\/liguereunion\/wp-content\/uploads\/sites\/122\/2019\/06\/CORG-PDG-DA-8-06-19-06-rotated-e1622271026755-225x300.jpg 225w\" sizes=\"(max-width: 600px) 100vw, 600px\" \/><p id=\"caption-attachment-9933\" class=\"wp-caption-text\">le jury<\/p><\/div>\n<p><img decoding=\"async\" class=\"alignleft wp-image-9934 size-full\" src=\"https:\/\/sites.ffkarate.fr\/liguereunion\/wp-content\/uploads\/sites\/122\/2019\/06\/CORG-PDG-DA-8-06-19-07.jpg\" alt=\"CORG PDG DA 8-06-19-07\" width=\"800\" height=\"600\" \/><img decoding=\"async\" class=\"alignleft wp-image-9935 size-full\" src=\"https:\/\/sites.ffkarate.fr\/liguereunion\/wp-content\/uploads\/sites\/122\/2019\/06\/CORG-PDG-DA-8-06-19-08.jpg\" alt=\"CORG PDG DA 8-06-19-08\" width=\"800\" height=\"480\" \/><img decoding=\"async\" class=\"alignleft wp-image-9936 size-full\" src=\"https:\/\/sites.ffkarate.fr\/liguereunion\/wp-content\/uploads\/sites\/122\/2019\/06\/CORG-PDG-DA-8-06-19-09.jpg\" alt=\"CORG PDG DA 8-06-19-09\" width=\"800\" height=\"510\" \/><img decoding=\"async\" class=\"alignleft wp-image-9937 size-full\" src=\"https:\/\/sites.ffkarate.fr\/liguereunion\/wp-content\/uploads\/sites\/122\/2019\/06\/CORG-PDG-DA-8-06-19-10.jpg\" alt=\"CORG PDG DA 8-06-19-10\" width=\"800\" height=\"518\" \/>[\/vc_column_text][\/vc_column][\/vc_row]<\/p>\n<\/div>","protected":false},"excerpt":{"rendered":"<p>[vc_row][vc_column][vc_column_text]Ce samedi 8 juin se d\u00e9roulait le passage de Grades pour les Disciplines Associ\u00e9es au gymnase de Flacourt \u00e0 Ste Marie.\u00a0 Les candidats du Pencak Silat , Ta\u00ef Do et AMSAE se pr\u00e9sentaient devant le jury pour l&rsquo;obtention du 1er ou 2\u00e8 ou 3\u00e8 Dan.\u00a0 Des candidats bien pr\u00e9par\u00e9s ont permis au jury de constater [&hellip;]<\/p>\n","protected":false},"author":142,"featured_media":9935,"comment_status":"closed","ping_status":"closed","sticky":false,"template":"","format":"standard","meta":{"footnotes":""},"categories":[12],"tags":[],"class_list":["post-9938","post","type-post","status-publish","format-standard","hentry","category-grades"],"_links":{"self":[{"href":"https:\/\/sites.ffkarate.fr\/liguereunion\/wp-json\/wp\/v2\/posts\/9938","targetHints":{"allow":["GET"]}}],"collection":[{"href":"https:\/\/sites.ffkarate.fr\/liguereunion\/wp-json\/wp\/v2\/posts"}],"about":[{"href":"https:\/\/sites.ffkarate.fr\/liguereunion\/wp-json\/wp\/v2\/types\/post"}],"author":[{"embeddable":true,"href":"https:\/\/sites.ffkarate.fr\/liguereunion\/wp-json\/wp\/v2\/users\/142"}],"replies":[{"embeddable":true,"href":"https:\/\/sites.ffkarate.fr\/liguereunion\/wp-json\/wp\/v2\/comments?post=9938"}],"version-history":[{"count":1,"href":"https:\/\/sites.ffkarate.fr\/liguereunion\/wp-json\/wp\/v2\/posts\/9938\/revisions"}],"predecessor-version":[{"id":12986,"href":"https:\/\/sites.ffkarate.fr\/liguereunion\/wp-json\/wp\/v2\/posts\/9938\/revisions\/12986"}],"wp:featuredmedia":[{"embeddable":true,"href":"https:\/\/sites.ffkarate.fr\/liguereunion\/wp-json\/wp\/v2\/media\/9935"}],"wp:attachment":[{"href":"https:\/\/sites.ffkarate.fr\/liguereunion\/wp-json\/wp\/v2\/media?parent=9938"}],"wp:term":[{"taxonomy":"category","embeddable":true,"href":"https:\/\/sites.ffkarate.fr\/liguereunion\/wp-json\/wp\/v2\/categories?post=9938"},{"taxonomy":"post_tag","embeddable":true,"href":"https:\/\/sites.ffkarate.fr\/liguereunion\/wp-json\/wp\/v2\/tags?post=9938"}],"curies":[{"name":"wp","href":"https:\/\/api.w.org\/{rel}","templated":true}]}}