{"id":3599,"date":"2024-04-22T15:59:26","date_gmt":"2024-04-22T13:59:26","guid":{"rendered":"https:\/\/sites.ffkarate.fr\/loireatlantique\/?p=3599"},"modified":"2024-04-22T15:59:26","modified_gmt":"2024-04-22T13:59:26","slug":"cine-karate-un-vrai-succes-inter-disciplines","status":"publish","type":"post","link":"https:\/\/sites.ffkarate.fr\/loireatlantique\/2024\/04\/22\/cine-karate-un-vrai-succes-inter-disciplines\/","title":{"rendered":"Cin\u00e9 karat\u00e9 : un vrai succ\u00e8s inter disciplines"},"content":{"rendered":"<div class=\"wpb-content-wrapper\"><p>[vc_row][vc_column][vc_column_text]<\/p>\n<div class=\"\" dir=\"auto\">\n<div id=\":r5s:\" class=\"x1iorvi4 x1pi30zi x1l90r2v x1swvt13\" data-ad-comet-preview=\"message\" data-ad-preview=\"message\">\n<div class=\"x78zum5 xdt5ytf xz62fqu x16ldp7u\">\n<div class=\"xu06os2 x1ok221b\">\n<div class=\"xdj266r x11i5rnm xat24cr x1mh8g0r x1vvkbs x126k92a\">\n<div dir=\"auto\">Le stage d\u00e9partemental cin\u00e9 karat\u00e9 organis\u00e9 en partenariat avec le <a class=\"x1i10hfl xjbqb8w x1ejq31n xd10rxx x1sy0etr x17r0tee x972fbf xcfux6l x1qhh985 xm0m39n x9f619 x1ypdohk xt0psk2 xe8uvvx xdj266r x11i5rnm xat24cr x1mh8g0r xexx8yu x4uap5 x18d9i69 xkhd6sd x16tdsg8 x1hl2dhg xggy1nq x1a2a7pz xt0b8zv x1fey0fg xo1l8bm\" role=\"link\" href=\"https:\/\/www.facebook.com\/satoridojo.lepouliguen?__cft__[0]=AZWNS_nDp0FuPOh7vwXMcXVUXOJkaYfpCNyWIU52OnKkFi-yLEsNCYLNJqeJeCReHHj8Q1ppsvn7aBnIHN0f5Z07JGqpmPZQsh0xB504m2NV_6IpOtCxBc8SdQ4XgbqvBue0BoNE2saxriZU63tKxsVDMOsNnqdWA7lCYr1CVntSZbghJi3wN3KzRKUc7GeGPlPUc5_QuehdHiImEiQkNbwy&amp;__tn__=-]K-R\" target=\"_blank\" rel=\"noopener\"><span class=\"xt0psk2\">Satori Dojo Le Pouliguen<\/span><\/a> samedi 20 avril 2024 a rencontr\u00e9 un grand succ\u00e8s.<\/div>\n<div dir=\"auto\"><\/div>\n<\/div>\n<div class=\"x11i5rnm xat24cr x1mh8g0r x1vvkbs xtlvy1s x126k92a\">\n<div dir=\"auto\">126 enfants\/ados ont particip\u00e9 \u00e0 l&rsquo;action et ont pu s&rsquo;initier, selon leur pratique martiale, au karat\u00e9, wushu, arts martiaux vietnamiens, arts martiaux du sud est asiatique (kali) et yoseikan budo.<\/div>\n<div dir=\"auto\"><\/div>\n<\/div>\n<div class=\"x11i5rnm xat24cr x1mh8g0r x1vvkbs xtlvy1s x126k92a\">\n<div dir=\"auto\">La FFK est une f\u00e9d\u00e9ration plurielle qui regroupe de nombreuses disciplines martiales. Notre force est d&rsquo;avoir la possibilit\u00e9 de mettre en place des actions communes.<\/div>\n<div dir=\"auto\"><\/div>\n<\/div>\n<div class=\"x11i5rnm xat24cr x1mh8g0r x1vvkbs xtlvy1s x126k92a\">\n<div dir=\"auto\">Merci \u00e0 M. Norbert SAMAMA, maire de la ville du Pouliguen d&rsquo;\u00eatre venu \u00e0 notre rencontre et d&rsquo;avoir ainsi pu \u00e9noncer un discours d&rsquo;ouverture pour notre stage d\u00e9partemental.<\/div>\n<div dir=\"auto\"><\/div>\n<\/div>\n<div class=\"x11i5rnm xat24cr x1mh8g0r x1vvkbs xtlvy1s x126k92a\">\n<div dir=\"auto\">Merci \u00e0 Christophe BAHOLET, responsable d\u00e9partemental de la commission enfants (ainsi qu&rsquo;\u00e0 Maurice, toujours pr\u00e9sent et tr\u00e8s actif sur l&rsquo;organisation de cette journ\u00e9e).<\/div>\n<div dir=\"auto\"><\/div>\n<\/div>\n<div class=\"x11i5rnm xat24cr x1mh8g0r x1vvkbs xtlvy1s x126k92a\">\n<div dir=\"auto\">Merci \u00e0 M. Roland BRENELIERE, pr\u00e9sident du <a class=\"x1i10hfl xjbqb8w x1ejq31n xd10rxx x1sy0etr x17r0tee x972fbf xcfux6l x1qhh985 xm0m39n x9f619 x1ypdohk xt0psk2 xe8uvvx xdj266r x11i5rnm xat24cr x1mh8g0r xexx8yu x4uap5 x18d9i69 xkhd6sd x16tdsg8 x1hl2dhg xggy1nq x1a2a7pz xt0b8zv x1fey0fg xo1l8bm\" role=\"link\" href=\"https:\/\/www.facebook.com\/satoridojo.lepouliguen?__cft__[0]=AZWNS_nDp0FuPOh7vwXMcXVUXOJkaYfpCNyWIU52OnKkFi-yLEsNCYLNJqeJeCReHHj8Q1ppsvn7aBnIHN0f5Z07JGqpmPZQsh0xB504m2NV_6IpOtCxBc8SdQ4XgbqvBue0BoNE2saxriZU63tKxsVDMOsNnqdWA7lCYr1CVntSZbghJi3wN3KzRKUc7GeGPlPUc5_QuehdHiImEiQkNbwy&amp;__tn__=-]K-R\" target=\"_blank\" rel=\"noopener\"><span class=\"xt0psk2\">Satori Dojo Le Pouliguen<\/span><\/a> et \u00e0 son tr\u00e9sorier M. Gilbert BODEL pour leur collaboration tr\u00e8s efficace et la mise en place du stage.<\/div>\n<div dir=\"auto\"><\/div>\n<\/div>\n<div class=\"x11i5rnm xat24cr x1mh8g0r x1vvkbs xtlvy1s x126k92a\">\n<div dir=\"auto\">Merci au cin\u00e9ma LE PAX de son accueil, le dessin anim\u00e9 KUNG FU PANDA 4 \u00e9tait \u00e9galement tr\u00e8s chouette.<\/div>\n<div dir=\"auto\"><\/div>\n<\/div>\n<div class=\"x11i5rnm xat24cr x1mh8g0r x1vvkbs xtlvy1s x126k92a\">\n<div dir=\"auto\">Merci \u00e0 tous les intervenants d\u00e9partementaux, les enfants \u00e9taient ravis de toutes ces d\u00e9couvertes et votre savoir permet \u00e9galement de mieux faire connaitre vos disciplines.<\/div>\n<div dir=\"auto\"><\/div>\n<\/div>\n<div class=\"x11i5rnm xat24cr x1mh8g0r x1vvkbs xtlvy1s x126k92a\">\n<div dir=\"auto\">Enfin merci \u00e0 tous les clubs pr\u00e9sents, aux parents et \u00e0 tous les ENFANTS. La r\u00e9ussite de la journ\u00e9e vient \u00e9galement de vous.<\/div>\n<div dir=\"auto\"><\/div>\n<\/div>\n<div class=\"x11i5rnm xat24cr x1mh8g0r x1vvkbs xtlvy1s x126k92a\">\n<div dir=\"auto\">A l&rsquo;ann\u00e9e prochaine, on compte sur vous pour \u00eatre encore plus nombreux <span class=\"x3nfvp2 x1j61x8r x1fcty0u xdj266r xhhsvwb xat24cr xgzva0m xxymvpz xlup9mm x1kky2od\"><img decoding=\"async\" class=\"xz74otr\" src=\"https:\/\/static.xx.fbcdn.net\/images\/emoji.php\/v9\/t57\/1\/16\/1f609.png\" alt=\"\ud83d\ude09\" width=\"16\" height=\"16\" \/><\/span><\/div>\n<\/div>\n<\/div>\n<\/div>\n<\/div>\n<\/div>\n<p>[\/vc_column_text][\/vc_column][\/vc_row]<\/p>\n<\/div>","protected":false},"excerpt":{"rendered":"<p>[vc_row][vc_column][vc_column_text] Le stage d\u00e9partemental cin\u00e9 karat\u00e9 organis\u00e9 en partenariat avec le Satori Dojo Le Pouliguen samedi 20 avril 2024 a rencontr\u00e9 un grand succ\u00e8s. 126 enfants\/ados ont particip\u00e9 \u00e0 l&rsquo;action et ont pu s&rsquo;initier, selon leur pratique martiale, au karat\u00e9, wushu, arts martiaux vietnamiens, arts martiaux du sud est asiatique (kali) et yoseikan budo. La [&hellip;]<\/p>\n","protected":false},"author":110,"featured_media":3600,"comment_status":"closed","ping_status":"closed","sticky":false,"template":"","format":"standard","meta":{"footnotes":""},"categories":[5],"tags":[],"class_list":["post-3599","post","type-post","status-publish","format-standard","hentry","category-actualites"],"_links":{"self":[{"href":"https:\/\/sites.ffkarate.fr\/loireatlantique\/wp-json\/wp\/v2\/posts\/3599","targetHints":{"allow":["GET"]}}],"collection":[{"href":"https:\/\/sites.ffkarate.fr\/loireatlantique\/wp-json\/wp\/v2\/posts"}],"about":[{"href":"https:\/\/sites.ffkarate.fr\/loireatlantique\/wp-json\/wp\/v2\/types\/post"}],"author":[{"embeddable":true,"href":"https:\/\/sites.ffkarate.fr\/loireatlantique\/wp-json\/wp\/v2\/users\/110"}],"replies":[{"embeddable":true,"href":"https:\/\/sites.ffkarate.fr\/loireatlantique\/wp-json\/wp\/v2\/comments?post=3599"}],"version-history":[{"count":1,"href":"https:\/\/sites.ffkarate.fr\/loireatlantique\/wp-json\/wp\/v2\/posts\/3599\/revisions"}],"predecessor-version":[{"id":3601,"href":"https:\/\/sites.ffkarate.fr\/loireatlantique\/wp-json\/wp\/v2\/posts\/3599\/revisions\/3601"}],"wp:featuredmedia":[{"embeddable":true,"href":"https:\/\/sites.ffkarate.fr\/loireatlantique\/wp-json\/wp\/v2\/media\/3600"}],"wp:attachment":[{"href":"https:\/\/sites.ffkarate.fr\/loireatlantique\/wp-json\/wp\/v2\/media?parent=3599"}],"wp:term":[{"taxonomy":"category","embeddable":true,"href":"https:\/\/sites.ffkarate.fr\/loireatlantique\/wp-json\/wp\/v2\/categories?post=3599"},{"taxonomy":"post_tag","embeddable":true,"href":"https:\/\/sites.ffkarate.fr\/loireatlantique\/wp-json\/wp\/v2\/tags?post=3599"}],"curies":[{"name":"wp","href":"https:\/\/api.w.org\/{rel}","templated":true}]}}