{"id":4373,"date":"2025-05-16T21:38:25","date_gmt":"2025-05-16T19:38:25","guid":{"rendered":"https:\/\/sites.ffkarate.fr\/loireatlantique\/?p=4373"},"modified":"2025-05-17T07:53:02","modified_gmt":"2025-05-17T05:53:02","slug":"trois-nouveaux-medailles-de-la-jeunesse-des-sports-et-de-lengagement-associatif","status":"publish","type":"post","link":"https:\/\/sites.ffkarate.fr\/loireatlantique\/2025\/05\/16\/trois-nouveaux-medailles-de-la-jeunesse-des-sports-et-de-lengagement-associatif\/","title":{"rendered":"Trois nouveaux m\u00e9daill\u00e9s de la Jeunesse, des Sports et de l&rsquo;Engagement Associatif"},"content":{"rendered":"<div class=\"wpb-content-wrapper\"><p>[vc_row][vc_column][vc_column_text]<\/p>\n<div class=\"xdj266r x11i5rnm xat24cr x1mh8g0r x1vvkbs x126k92a\">\n<div dir=\"auto\">F\u00e9licitations \u00e0 nos trois r\u00e9cipiendaires de la m\u00e9daille de la Jeunesse, des Sports et de l\u2019Engagement Associatif (\u00e9chelon bronze).<\/div>\n<div dir=\"auto\"><\/div>\n<\/div>\n<div class=\"x11i5rnm xat24cr x1mh8g0r x1vvkbs xtlvy1s x126k92a\">\n<div dir=\"auto\">Nadine LOMELET (enseignante de karat\u00e9, \u00e9lue du CDK 44, responsable d\u00e9partementale de la commission f\u00e9minine), Pierre-Monique ADJANONHOUN (enseignant de karat\u00e9, ex DTD 44, ex Pr\u00e9sident de Ligue PDL, responsable d\u00e9partemental du pluridisciplinaire) et Nicolas KAISER (enseignant d\u2019Arts Martiaux du Sud Est Asiatique, responsable d\u00e9partemental des AMSEA).<\/div>\n<div dir=\"auto\"><\/div>\n<\/div>\n<div class=\"x11i5rnm xat24cr x1mh8g0r x1vvkbs xtlvy1s x126k92a\">\n<div dir=\"auto\">Jean-Jacques DESOUCHES (enseignant de karat\u00e9 et \u00e9lu du CDK 44) officiait en tant qu\u2019\u00e9lu du Comit\u00e9 D\u00e9partemental des M\u00e9daill\u00e9s de la Jeunesse, des Sports et de l\u2019Engagement Associatif.<\/div>\n<\/div>\n<div dir=\"auto\"><\/div>\n<div dir=\"auto\">F\u00e9licitations \u00e9galement \u00e0 nos jeunes b\u00e9n\u00e9voles Lyse RETAIL (pratiquant le Karat\u00e9 Full Contact et arbitre CDK\/LR) et Th\u00e9o LE BRIGAND (pratiquant le Karat\u00e9 Full Contact et arbitre CDK\/LR) qui ont obtenus la lettre de f\u00e9licitations Jeunesse et Sports lors de cette soir\u00e9e de r\u00e9compenses.<\/div>\n<p>[\/vc_column_text][\/vc_column][\/vc_row]<\/p>\n<\/div>","protected":false},"excerpt":{"rendered":"<p>[vc_row][vc_column][vc_column_text] F\u00e9licitations \u00e0 nos trois r\u00e9cipiendaires de la m\u00e9daille de la Jeunesse, des Sports et de l\u2019Engagement Associatif (\u00e9chelon bronze). Nadine LOMELET (enseignante de karat\u00e9, \u00e9lue du CDK 44, responsable d\u00e9partementale de la commission f\u00e9minine), Pierre-Monique ADJANONHOUN (enseignant de karat\u00e9, ex DTD 44, ex Pr\u00e9sident de Ligue PDL, responsable d\u00e9partemental du pluridisciplinaire) et Nicolas KAISER [&hellip;]<\/p>\n","protected":false},"author":110,"featured_media":4374,"comment_status":"open","ping_status":"open","sticky":false,"template":"","format":"standard","meta":{"footnotes":""},"categories":[5],"tags":[],"class_list":["post-4373","post","type-post","status-publish","format-standard","hentry","category-actualites"],"_links":{"self":[{"href":"https:\/\/sites.ffkarate.fr\/loireatlantique\/wp-json\/wp\/v2\/posts\/4373","targetHints":{"allow":["GET"]}}],"collection":[{"href":"https:\/\/sites.ffkarate.fr\/loireatlantique\/wp-json\/wp\/v2\/posts"}],"about":[{"href":"https:\/\/sites.ffkarate.fr\/loireatlantique\/wp-json\/wp\/v2\/types\/post"}],"author":[{"embeddable":true,"href":"https:\/\/sites.ffkarate.fr\/loireatlantique\/wp-json\/wp\/v2\/users\/110"}],"replies":[{"embeddable":true,"href":"https:\/\/sites.ffkarate.fr\/loireatlantique\/wp-json\/wp\/v2\/comments?post=4373"}],"version-history":[{"count":3,"href":"https:\/\/sites.ffkarate.fr\/loireatlantique\/wp-json\/wp\/v2\/posts\/4373\/revisions"}],"predecessor-version":[{"id":4378,"href":"https:\/\/sites.ffkarate.fr\/loireatlantique\/wp-json\/wp\/v2\/posts\/4373\/revisions\/4378"}],"wp:featuredmedia":[{"embeddable":true,"href":"https:\/\/sites.ffkarate.fr\/loireatlantique\/wp-json\/wp\/v2\/media\/4374"}],"wp:attachment":[{"href":"https:\/\/sites.ffkarate.fr\/loireatlantique\/wp-json\/wp\/v2\/media?parent=4373"}],"wp:term":[{"taxonomy":"category","embeddable":true,"href":"https:\/\/sites.ffkarate.fr\/loireatlantique\/wp-json\/wp\/v2\/categories?post=4373"},{"taxonomy":"post_tag","embeddable":true,"href":"https:\/\/sites.ffkarate.fr\/loireatlantique\/wp-json\/wp\/v2\/tags?post=4373"}],"curies":[{"name":"wp","href":"https:\/\/api.w.org\/{rel}","templated":true}]}}