{"id":5097,"date":"2026-04-27T08:43:26","date_gmt":"2026-04-27T06:43:26","guid":{"rendered":"https:\/\/sites.ffkarate.fr\/loireatlantique\/?p=5097"},"modified":"2026-04-27T08:43:26","modified_gmt":"2026-04-27T06:43:26","slug":"un-nouvel-arbitre-national-kumite-a-en-loire-atlantique","status":"publish","type":"post","link":"https:\/\/sites.ffkarate.fr\/loireatlantique\/2026\/04\/27\/un-nouvel-arbitre-national-kumite-a-en-loire-atlantique\/","title":{"rendered":"Un nouvel arbitre national kumit\u00e9 \u00ab\u00a0A\u00a0\u00bb en Loire-Atlantique"},"content":{"rendered":"<div class=\"wpb-content-wrapper\"><p>[vc_row][vc_column][vc_column_text]F\u00e9licitations \u00e0 M. Yahya AOKACH qui pr\u00e9sentait l&rsquo;examen d&rsquo;arbitre national kumit\u00e9 \u00ab\u00a0A\u00a0\u00bb ce week-end lors du championnat de France kumit\u00e9 des cat\u00e9gories cadet(te)s \u00e0 Saint-Michel-sur-Orge (91) et qui r\u00e9ussit brillamment l&rsquo;examen.[\/vc_column_text][\/vc_column][\/vc_row]<\/p>\n<\/div>","protected":false},"excerpt":{"rendered":"<p>[vc_row][vc_column][vc_column_text]F\u00e9licitations \u00e0 M. Yahya AOKACH qui pr\u00e9sentait l&rsquo;examen d&rsquo;arbitre national kumit\u00e9 \u00ab\u00a0A\u00a0\u00bb ce week-end lors du championnat de France kumit\u00e9 des cat\u00e9gories cadet(te)s \u00e0 Saint-Michel-sur-Orge (91) et qui r\u00e9ussit brillamment l&rsquo;examen.[\/vc_column_text][\/vc_column][\/vc_row]<\/p>\n","protected":false},"author":110,"featured_media":5098,"comment_status":"open","ping_status":"open","sticky":false,"template":"","format":"standard","meta":{"footnotes":""},"categories":[1],"tags":[],"class_list":["post-5097","post","type-post","status-publish","format-standard","hentry","category-non-classe"],"_links":{"self":[{"href":"https:\/\/sites.ffkarate.fr\/loireatlantique\/wp-json\/wp\/v2\/posts\/5097","targetHints":{"allow":["GET"]}}],"collection":[{"href":"https:\/\/sites.ffkarate.fr\/loireatlantique\/wp-json\/wp\/v2\/posts"}],"about":[{"href":"https:\/\/sites.ffkarate.fr\/loireatlantique\/wp-json\/wp\/v2\/types\/post"}],"author":[{"embeddable":true,"href":"https:\/\/sites.ffkarate.fr\/loireatlantique\/wp-json\/wp\/v2\/users\/110"}],"replies":[{"embeddable":true,"href":"https:\/\/sites.ffkarate.fr\/loireatlantique\/wp-json\/wp\/v2\/comments?post=5097"}],"version-history":[{"count":2,"href":"https:\/\/sites.ffkarate.fr\/loireatlantique\/wp-json\/wp\/v2\/posts\/5097\/revisions"}],"predecessor-version":[{"id":5100,"href":"https:\/\/sites.ffkarate.fr\/loireatlantique\/wp-json\/wp\/v2\/posts\/5097\/revisions\/5100"}],"wp:featuredmedia":[{"embeddable":true,"href":"https:\/\/sites.ffkarate.fr\/loireatlantique\/wp-json\/wp\/v2\/media\/5098"}],"wp:attachment":[{"href":"https:\/\/sites.ffkarate.fr\/loireatlantique\/wp-json\/wp\/v2\/media?parent=5097"}],"wp:term":[{"taxonomy":"category","embeddable":true,"href":"https:\/\/sites.ffkarate.fr\/loireatlantique\/wp-json\/wp\/v2\/categories?post=5097"},{"taxonomy":"post_tag","embeddable":true,"href":"https:\/\/sites.ffkarate.fr\/loireatlantique\/wp-json\/wp\/v2\/tags?post=5097"}],"curies":[{"name":"wp","href":"https:\/\/api.w.org\/{rel}","templated":true}]}}