{"id":5305,"date":"2026-08-30T13:14:01","date_gmt":"2026-08-30T11:14:01","guid":{"rendered":"https:\/\/sites.ffkarate.fr\/loireatlantique\/?p=5305"},"modified":"2026-08-30T13:17:07","modified_gmt":"2026-08-30T11:17:07","slug":"deux-actions-estivales-a-destinations-des-seniors-a-la-turballe","status":"publish","type":"post","link":"https:\/\/sites.ffkarate.fr\/loireatlantique\/2026\/08\/30\/deux-actions-estivales-a-destinations-des-seniors-a-la-turballe\/","title":{"rendered":"Deux actions estivales \u00e0 destination des Seniors (plage de la turballe)"},"content":{"rendered":"<div class=\"wpb-content-wrapper\"><p>[vc_row][vc_column][vc_column_text]<\/p>\n<p class=\"isSelectedEnd\"><strong>F\u00e9licitations au club ADRV<\/strong>, en partenariat avec la <strong>Ville de La Turballe<\/strong>, pour l\u2019organisation de deux stages d\u2019initiation au <strong>Taiji Qigong<\/strong>, compl\u00e9t\u00e9s par des exercices de sant\u00e9 adapt\u00e9s aux pratiquants occidentaux.<\/p>\n<p class=\"isSelectedEnd\">Ces deux rendez-vous se sont d\u00e9roul\u00e9s les <strong>3 et 24 ao\u00fbt 2026<\/strong>, sur la <strong>plage des Bretons \u00e0 La Turballe<\/strong>, dans le cadre des <strong>\u00ab Lundis sportifs \u00bb<\/strong> organis\u00e9s chaque ann\u00e9e par la Ville.<\/p>\n<p class=\"isSelectedEnd\">Le succ\u00e8s \u00e9tait au rendez-vous, avec <strong>pr\u00e8s de 100 participants lors du premier stage<\/strong> et <strong>80 personnes pour le second<\/strong>, malgr\u00e9 une forte chaleur.<\/p>\n<p class=\"isSelectedEnd\">Une belle initiative estivale qui associe <strong>sport, sant\u00e9, bien-\u00eatre et convivialit\u00e9<\/strong>, tout en accordant une place particuli\u00e8re aux <strong>seniors<\/strong>.<\/p>\n<p><strong>Bravo au club ADRV et \u00e0 la Ville de La Turballe pour cette belle action !<\/strong>[\/vc_column_text][\/vc_column][\/vc_row]<\/p>\n<\/div>","protected":false},"excerpt":{"rendered":"<p>[vc_row][vc_column][vc_column_text] F\u00e9licitations au club ADRV, en partenariat avec la Ville de La Turballe, pour l\u2019organisation de deux stages d\u2019initiation au Taiji Qigong, compl\u00e9t\u00e9s par des exercices de sant\u00e9 adapt\u00e9s aux pratiquants occidentaux. Ces deux rendez-vous se sont d\u00e9roul\u00e9s les 3 et 24 ao\u00fbt 2026, sur la plage des Bretons \u00e0 La Turballe, dans le cadre [&hellip;]<\/p>\n","protected":false},"author":110,"featured_media":5306,"comment_status":"open","ping_status":"open","sticky":false,"template":"","format":"standard","meta":{"footnotes":""},"categories":[5],"tags":[],"class_list":["post-5305","post","type-post","status-publish","format-standard","hentry","category-actualites"],"_links":{"self":[{"href":"https:\/\/sites.ffkarate.fr\/loireatlantique\/wp-json\/wp\/v2\/posts\/5305","targetHints":{"allow":["GET"]}}],"collection":[{"href":"https:\/\/sites.ffkarate.fr\/loireatlantique\/wp-json\/wp\/v2\/posts"}],"about":[{"href":"https:\/\/sites.ffkarate.fr\/loireatlantique\/wp-json\/wp\/v2\/types\/post"}],"author":[{"embeddable":true,"href":"https:\/\/sites.ffkarate.fr\/loireatlantique\/wp-json\/wp\/v2\/users\/110"}],"replies":[{"embeddable":true,"href":"https:\/\/sites.ffkarate.fr\/loireatlantique\/wp-json\/wp\/v2\/comments?post=5305"}],"version-history":[{"count":5,"href":"https:\/\/sites.ffkarate.fr\/loireatlantique\/wp-json\/wp\/v2\/posts\/5305\/revisions"}],"predecessor-version":[{"id":5311,"href":"https:\/\/sites.ffkarate.fr\/loireatlantique\/wp-json\/wp\/v2\/posts\/5305\/revisions\/5311"}],"wp:featuredmedia":[{"embeddable":true,"href":"https:\/\/sites.ffkarate.fr\/loireatlantique\/wp-json\/wp\/v2\/media\/5306"}],"wp:attachment":[{"href":"https:\/\/sites.ffkarate.fr\/loireatlantique\/wp-json\/wp\/v2\/media?parent=5305"}],"wp:term":[{"taxonomy":"category","embeddable":true,"href":"https:\/\/sites.ffkarate.fr\/loireatlantique\/wp-json\/wp\/v2\/categories?post=5305"},{"taxonomy":"post_tag","embeddable":true,"href":"https:\/\/sites.ffkarate.fr\/loireatlantique\/wp-json\/wp\/v2\/tags?post=5305"}],"curies":[{"name":"wp","href":"https:\/\/api.w.org\/{rel}","templated":true}]}}