{"id":2300,"date":"2024-01-03T12:34:37","date_gmt":"2024-01-03T11:34:37","guid":{"rendered":"https:\/\/sites.ffkarate.fr\/lot\/?p=2300"},"modified":"2024-01-04T10:05:12","modified_gmt":"2024-01-04T09:05:12","slug":"stage-multi-disciplinaire-le-06-janvier-2024-de-14h30-a-17h30","status":"publish","type":"post","link":"https:\/\/sites.ffkarate.fr\/lot\/2024\/01\/03\/stage-multi-disciplinaire-le-06-janvier-2024-de-14h30-a-17h30\/","title":{"rendered":"Stage multi-disciplinaire, organis\u00e9 par la Ligue Occitanie, le 06 janvier 2024 de 14h30 \u00e0 17h30"},"content":{"rendered":"<div class=\"wpb-content-wrapper\"><p>[vc_row][vc_column][vc_column_text]Venez d\u00e9couvrir d&rsquo;autres facettes des Arts Martiaux<\/p>\n<p>Le <strong>6 janvier 2024, de 14h30 \u00e0 17h30<\/strong>, la <strong>Maison des Activit\u00e9s Multidisciplinaires de Saint-Orens<\/strong> accueillera un stage multi-disciplines unique en son genre. Ce stage, qui se tiendra au <a href=\"https:\/\/www.google.com\/maps\/place\/81+Chem.+des+Tuileries,+31650+Saint-Orens-de-Gameville\/@43.5749044,1.5131651,19.25z\/data=!4m6!3m5!1s0x12aebd8e78fbde2d:0xeaf8fe29f5e47bb7!8m2!3d43.5748464!4d1.5131887!16s%2Fg%2F11cpgcxrsz?entry=ttu\" target=\"_blank\" rel=\"noopener noreferrer\">81 chemin des tuileries 31650 St. Orens de Gameville<\/a>, proposera diverses disciplines enseign\u00e9es par des personnalit\u00e9s r\u00e9f\u00e9rentes dans leur domaine.<\/p>\n<h4><strong>Programme du Stage<\/strong><\/h4>\n<p class=\"selectionShareable\">Le stage proposera une vari\u00e9t\u00e9 de disciplines, chacune anim\u00e9e par une personnalit\u00e9 r\u00e9f\u00e9rente dans son domaine :<\/p>\n<ul>\n<li>\n<p class=\"selectionShareable\"><a href=\"https:\/\/www.ffkarate.fr\/yoseikan-budo\/\" target=\"_blank\" rel=\"noopener noreferrer\"><strong>Yoseikan Budo<\/strong><\/a><strong>\u00a0<\/strong>avec David Nadalutti<br \/>\nUn art martial complet combinant des techniques de frappe, de projection et de travail au sol.<\/p>\n<\/li>\n<li>\n<p class=\"selectionShareable\"><a href=\"https:\/\/www.ffkarate.fr\/arts-martiaux-vietnamiens\/\" target=\"_blank\" rel=\"noopener noreferrer\"><strong>AMV\u00a0<\/strong><\/a>avec Abdelhafid Chrifi<br \/>\nAcronyme pour Art Martiaux Vietnamien, cette discipline met l&rsquo;accent sur la self-d\u00e9fense et la pr\u00e9servation de la sant\u00e9, repr\u00e9sentant un ensemble de disciplines traditionnelles du Vietnam.<\/p>\n<\/li>\n<li>\n<p class=\"selectionShareable\"><a href=\"https:\/\/www.ffkarate.fr\/wushu-arts-martiaux-chinois\/\" target=\"_blank\" rel=\"noopener noreferrer\"><strong>Wushu\u00a0<\/strong><\/a>avec Ludovic Darner<br \/>\nWushu est l&rsquo;appellation chinoise des arts martiaux. Il englobe des formes artistiques et des styles de combat traditionnels. En France, il est plus ou moins un synonyme de \u00ab\u00a0kung-fu\u00a0\u00bb.<\/p>\n<\/li>\n<li>\n<p class=\"selectionShareable\"><a href=\"https:\/\/www.shizendo.fr\/disciplines\/karate\" target=\"_blank\" rel=\"noopener\"><strong>Karat\u00e9\u00a0<\/strong><\/a>avec Pierre Llaves et Thierry Masci<br \/>\nUne discipline classique centr\u00e9e sur les techniques de frappe, de blocage et de mouvements dynamiques.<\/p>\n<\/li>\n<li>\n<p class=\"selectionShareable\"><a href=\"https:\/\/www.ffkarate.fr\/karate-full-contact-karate-contact\/\" target=\"_blank\" rel=\"noopener noreferrer\"><strong>Karat\u00e9 Contact<\/strong><\/a><strong>\u00a0<\/strong>avec Amar Bensadallah<br \/>\nUne variante du karat\u00e9 mettant l&rsquo;accent sur les techniques de contact, combinant puissance et pr\u00e9cision.<\/p>\n<\/li>\n<li>\n<p class=\"selectionShareable\"><a href=\"https:\/\/www.ffkarate.fr\/karate\/body-karate\/\" target=\"_blank\" rel=\"noopener noreferrer\"><strong>Body Karat\u00e9<\/strong><\/a><strong>\u00a0<\/strong>avec Luc Ba<br \/>\nUne approche dynamique du karat\u00e9, incorporant des mouvements de fitness pour une s\u00e9ance compl\u00e8te alliant force et endurance.<\/p>\n<\/li>\n<li>\n<p class=\"selectionShareable\"><a href=\"https:\/\/www.shizendo.fr\/disciplines\/krav-maga\" target=\"_blank\" rel=\"noopener\"><strong>Krav Maga<\/strong><\/a><strong>\u00a0<\/strong>avec Mohamed Moussaoui<br \/>\nUn syst\u00e8me de self-d\u00e9fense r\u00e9aliste, ax\u00e9 sur des mouvements instinctifs et simples pour faire face \u00e0 des situations potentiellement dangereuses.<\/p>\n<p class=\"selectionShareable\">Le stage est ouvert \u00e0 tous, que vous soyez d\u00e9butant ou confirm\u00e9. C&rsquo;est l&rsquo;occasion id\u00e9ale de d\u00e9couvrir de nouvelles disciplines, de commencer l&rsquo;ann\u00e9e 2024 avec \u00e9nergie et d\u00e9termination ; mais aussi de rencontrer des passionn\u00e9s de sports de combat.<\/p>\n<h4><strong>Inscription Obligatoire<\/strong><\/h4>\n<p class=\"selectionShareable\">Pour participer \u00e0 cet \u00e9v\u00e9nement exceptionnel, veuillez vous inscrire sur le site de la ligue en suivant ce lien : <a href=\"https:\/\/sites.ffkarate.fr\/occitanie\/event\/stage-multi-disciplines\/\" target=\"_new\" rel=\"noopener\">Inscription au Stage Multi-Disciplines<\/a>.<\/p>\n<\/li>\n<\/ul>\n<p>[\/vc_column_text][\/vc_column][\/vc_row]<\/p>\n<\/div>","protected":false},"excerpt":{"rendered":"<p>[vc_row][vc_column][vc_column_text]Venez d\u00e9couvrir d&rsquo;autres facettes des Arts Martiaux Le 6 janvier 2024, de 14h30 \u00e0 17h30, la Maison des Activit\u00e9s Multidisciplinaires de Saint-Orens accueillera un stage multi-disciplines unique en son genre. Ce stage, qui se tiendra au 81 chemin des tuileries 31650 St. Orens de Gameville, proposera diverses disciplines enseign\u00e9es par des personnalit\u00e9s r\u00e9f\u00e9rentes dans leur [&hellip;]<\/p>\n","protected":false},"author":74,"featured_media":2301,"comment_status":"closed","ping_status":"closed","sticky":false,"template":"","format":"standard","meta":{"footnotes":""},"categories":[7,44,14,17,19,20,21],"tags":[],"class_list":["post-2300","post","type-post","status-publish","format-standard","hentry","category-amv","category-body-karate","category-karate","category-krav-maga","category-stages","category-wushu","category-yoseikan-budo"],"_links":{"self":[{"href":"https:\/\/sites.ffkarate.fr\/lot\/wp-json\/wp\/v2\/posts\/2300","targetHints":{"allow":["GET"]}}],"collection":[{"href":"https:\/\/sites.ffkarate.fr\/lot\/wp-json\/wp\/v2\/posts"}],"about":[{"href":"https:\/\/sites.ffkarate.fr\/lot\/wp-json\/wp\/v2\/types\/post"}],"author":[{"embeddable":true,"href":"https:\/\/sites.ffkarate.fr\/lot\/wp-json\/wp\/v2\/users\/74"}],"replies":[{"embeddable":true,"href":"https:\/\/sites.ffkarate.fr\/lot\/wp-json\/wp\/v2\/comments?post=2300"}],"version-history":[{"count":5,"href":"https:\/\/sites.ffkarate.fr\/lot\/wp-json\/wp\/v2\/posts\/2300\/revisions"}],"predecessor-version":[{"id":2307,"href":"https:\/\/sites.ffkarate.fr\/lot\/wp-json\/wp\/v2\/posts\/2300\/revisions\/2307"}],"wp:featuredmedia":[{"embeddable":true,"href":"https:\/\/sites.ffkarate.fr\/lot\/wp-json\/wp\/v2\/media\/2301"}],"wp:attachment":[{"href":"https:\/\/sites.ffkarate.fr\/lot\/wp-json\/wp\/v2\/media?parent=2300"}],"wp:term":[{"taxonomy":"category","embeddable":true,"href":"https:\/\/sites.ffkarate.fr\/lot\/wp-json\/wp\/v2\/categories?post=2300"},{"taxonomy":"post_tag","embeddable":true,"href":"https:\/\/sites.ffkarate.fr\/lot\/wp-json\/wp\/v2\/tags?post=2300"}],"curies":[{"name":"wp","href":"https:\/\/api.w.org\/{rel}","templated":true}]}}