{"id":2317,"date":"2024-02-24T18:52:50","date_gmt":"2024-02-24T17:52:50","guid":{"rendered":"https:\/\/sites.ffkarate.fr\/lot\/?p=2317"},"modified":"2024-02-24T18:52:50","modified_gmt":"2024-02-24T17:52:50","slug":"stage-full-contact-boxing-lot-ffkarate","status":"publish","type":"post","link":"https:\/\/sites.ffkarate.fr\/lot\/2024\/02\/24\/stage-full-contact-boxing-lot-ffkarate\/","title":{"rendered":"Stage Full contact boxing Lot # FFKarat\u00e9"},"content":{"rendered":"<div class=\"wpb-content-wrapper\"><p>[vc_row][vc_column][vc_column_text]Un stage sous la houlette de J-F THENIER, a r\u00e9uni ce jour une quarantaine d&rsquo;adeptes de cette discipline au Dojo de Cahors.\u00a0 Esp\u00e9rons que l&rsquo;avenir lui sera favorable et que ce genre de manifestation se reproduise dans l&rsquo;avenir.<\/p>\n<p>Pour ceux qui ne le connaisse pas, J-F THENIER est enseignant titulaire d&rsquo;un DEJEPS \/ BPJEPS, CN 5\u00e8me Dan de Karat\u00e9, CN 4\u00e8me Dan Ju Jitsu \/ Judo et Ancien athl\u00e8te de Haut-Niveau A.[\/vc_column_text][\/vc_column][\/vc_row]<\/p>\n<\/div>","protected":false},"excerpt":{"rendered":"<p>[vc_row][vc_column][vc_column_text]Un stage sous la houlette de J-F THENIER, a r\u00e9uni ce jour une quarantaine d&rsquo;adeptes de cette discipline au Dojo de Cahors.\u00a0 Esp\u00e9rons que l&rsquo;avenir lui sera favorable et que ce genre de manifestation se reproduise dans l&rsquo;avenir. Pour ceux qui ne le connaisse pas, J-F THENIER est enseignant titulaire d&rsquo;un DEJEPS \/ BPJEPS, CN [&hellip;]<\/p>\n","protected":false},"author":74,"featured_media":2318,"comment_status":"closed","ping_status":"closed","sticky":false,"template":"","format":"standard","meta":{"footnotes":""},"categories":[1],"tags":[],"class_list":["post-2317","post","type-post","status-publish","format-standard","hentry","category-non-classe"],"_links":{"self":[{"href":"https:\/\/sites.ffkarate.fr\/lot\/wp-json\/wp\/v2\/posts\/2317","targetHints":{"allow":["GET"]}}],"collection":[{"href":"https:\/\/sites.ffkarate.fr\/lot\/wp-json\/wp\/v2\/posts"}],"about":[{"href":"https:\/\/sites.ffkarate.fr\/lot\/wp-json\/wp\/v2\/types\/post"}],"author":[{"embeddable":true,"href":"https:\/\/sites.ffkarate.fr\/lot\/wp-json\/wp\/v2\/users\/74"}],"replies":[{"embeddable":true,"href":"https:\/\/sites.ffkarate.fr\/lot\/wp-json\/wp\/v2\/comments?post=2317"}],"version-history":[{"count":4,"href":"https:\/\/sites.ffkarate.fr\/lot\/wp-json\/wp\/v2\/posts\/2317\/revisions"}],"predecessor-version":[{"id":2322,"href":"https:\/\/sites.ffkarate.fr\/lot\/wp-json\/wp\/v2\/posts\/2317\/revisions\/2322"}],"wp:featuredmedia":[{"embeddable":true,"href":"https:\/\/sites.ffkarate.fr\/lot\/wp-json\/wp\/v2\/media\/2318"}],"wp:attachment":[{"href":"https:\/\/sites.ffkarate.fr\/lot\/wp-json\/wp\/v2\/media?parent=2317"}],"wp:term":[{"taxonomy":"category","embeddable":true,"href":"https:\/\/sites.ffkarate.fr\/lot\/wp-json\/wp\/v2\/categories?post=2317"},{"taxonomy":"post_tag","embeddable":true,"href":"https:\/\/sites.ffkarate.fr\/lot\/wp-json\/wp\/v2\/tags?post=2317"}],"curies":[{"name":"wp","href":"https:\/\/api.w.org\/{rel}","templated":true}]}}