{"id":2502,"date":"2025-01-07T23:59:50","date_gmt":"2025-01-07T22:59:50","guid":{"rendered":"https:\/\/sites.ffkarate.fr\/lot\/?p=2502"},"modified":"2025-01-08T00:01:10","modified_gmt":"2025-01-07T23:01:10","slug":"formation-afa-daf-dif-2","status":"publish","type":"post","link":"https:\/\/sites.ffkarate.fr\/lot\/2025\/01\/07\/formation-afa-daf-dif-2\/","title":{"rendered":"Formation AFA \/ DAF \/ DIF"},"content":{"rendered":"<div class=\"wpb-content-wrapper\"><p>[vc_row][vc_column][vc_column_text]<\/p>\n<div>Vous trouverez ci-apr\u00e8s des informations concernant la formation \u00e0 laquelle vous vous \u00eates inscrits :<\/div>\n<p><!--more--><\/p>\n<div>\n<div><i>\u00a0<\/i><\/div>\n<div><i>La formation du\u00a0<b><span style=\"color: #ff0000\">DIF<\/span><\/b>\u00a0aura lieu\u00a0<\/i><i>au Dojo de Cahors (150 rue de la guinguette)<\/i><i>:\u00a0<\/i><\/div>\n<div>\n<ul>\n<li><i>le<\/i><i>\u00a0<span style=\"color: #ff2600\">samedi 25 janvier 2025\u00a0<\/span>de\u00a0<span style=\"color: #ff4013\">9H \u00e0 18H\u00a0<\/span>\u00a0avec 1H pour manger<\/i><\/li>\n<li><i>le\u00a0<span style=\"color: #ff2600\">dimanche 26 janvier 2025<\/span>\u00a0de\u00a0<span style=\"color: #ff2600\">8H \u00e0 18H\u00a0<\/span><\/i><i>avec 1H pour manger<\/i><\/li>\n<li><i>le\u00a0<span style=\"color: #ff2600\">samedi 8 f\u00e9vrier 2025\u00a0<\/span>de\u00a0<span style=\"color: #ff2600\">9H \u00e0 13H<\/span><\/i><\/li>\n<li><i>le\u00a0<span style=\"color: #ff0000\">dimanche 9 f\u00e9vrier 2025<\/span>\u00a0de\u00a0<span style=\"color: #ff2600\">9H \u00e0 17H\u00a0<\/span>avec l\u2019examen dans l\u2019apr\u00e8s-midi et 1H pour manger<\/i><\/li>\n<\/ul>\n<\/div>\n<div><i>\u00a0<\/i><\/div>\n<div><i>\u00a0<\/i><\/div>\n<div>\n<p><i>La formation du\u00a0<b><span style=\"color: #ff0000\">DAF<\/span><\/b>\u00a0aura lieu les\u00a0<span style=\"color: #ff0000\">25 et 26 janvier 2025\u00a0<\/span>au Dojo de Cahors (150 rue de la guinguette) :<\/i><\/p>\n<ul>\n<li><i><span style=\"color: #000000\">Le samedi de <\/span><span style=\"color: #ff4114\">9H \u00e0 18H<\/span><\/i><\/li>\n<li><i><span style=\"color: #000000\">le dimanche de <\/span><span style=\"color: #ff4114\">8H \u00e0 15H<\/span><span style=\"color: #000000\"> avec 1H pour manger \u00e0 midi.<\/span><\/i><\/li>\n<\/ul>\n<div><span style=\"color: #000000\"><i>\u00a0<\/i><\/span><\/div>\n<\/div>\n<div>\n<p><i>La formation du\u00a0<b><span style=\"color: #ff0000\">AFA<\/span><\/b>\u00a0aura lieu le samedi\u00a0<span style=\"color: #ff0000\">25 janvier 2025\u00a0<\/span>au Dojo de Cahors (150 rue de la guinguette) :<\/i><\/p>\n<ul>\n<li><i><span style=\"color: #000000\">Le samedi de\u00a0<\/span><span style=\"color: #ff4114\">9H \u00e0 18H<\/span><\/i><i>\u00a0avec 1H pour manger \u00e0 midi.<\/i><\/li>\n<\/ul>\n<\/div>\n<div><span style=\"color: #000000\"><i>\u00a0<\/i><\/span><\/div>\n<div><span style=\"color: #000000\"><i>\u00a0<\/i><\/span><\/div>\n<div>\n<p><i><span style=\"color: #000000\">Merci aux candidats de suivre les consignes ci-apr\u00e8s :\u00a0<\/span><\/i><\/p>\n<p>&nbsp;<\/p>\n<ul>\n<li><i><b><u><span style=\"color: #000000\">Ne pas \u00eatre en retard : \u00eatre \u00e0 l<\/span>\u2019<span style=\"color: #000000\"><span style=\"color: #942192\">heure, c<\/span>\u2019<span style=\"color: #942192\">est d\u00e9j\u00e0 \u00eatre en retard<\/span><\/span><\/u><\/b><\/i><\/li>\n<li><i>Venir avec de quoi prendre des notes (cahier ou bloc-notes), stylos, r\u00e8gle.<\/i><\/li>\n<li><i>Venir avec sa tenue d\u2019entra\u00eenement.<\/i><\/li>\n<li><i><span style=\"color: #000000\">Pr\u00e9voir de quoi manger le midi.Il n\u2019y a pas de restaurant \u00e0 proximit\u00e9.<\/span><\/i><\/li>\n<li><i>\u00caTRE MOTIV\u00c9 !!<\/i><\/li>\n<\/ul>\n<\/div>\n<div><i><span style=\"color: #000000\">Que ceux qui ne l\u2019ont pas fourni pensent \u00e0 apporter le certificat m\u00e9dical pr\u00e9cisant l&rsquo;aptitude \u00e0 enseigner.<\/span><\/i><\/div>\n<div><i><span style=\"color: #000000\">\u00a0<\/span><\/i><\/div>\n<div><i><span style=\"color: #000000\">Je reste bien sur \u00e0 votre \u00e9coute et \u00e0 votre disposition si tout n\u2019\u00e9tait pas clair ou si vous aviez besoin d\u2019\u00e9l\u00e9ments compl\u00e9mentaires.<\/span><\/i><\/div>\n<div><i>\u00a0<\/i><\/div>\n<div><i>Au plaisir de vous voir \u00e0 cette formation.<\/i><\/div>\n<div>\n<p><i><span style=\"color: #00c8fa\"><br \/>\n<\/span>Nathalie Pallas<br \/>\n<\/i><\/p>\n<div>\n<div dir=\"auto\">\n<div dir=\"ltr\"><i>Responsable de la formation<\/i><\/div>\n<\/div>\n<\/div>\n<\/div>\n<\/div>\n<p>[\/vc_column_text][\/vc_column][\/vc_row]<\/p>\n<\/div>","protected":false},"excerpt":{"rendered":"<p>[vc_row][vc_column][vc_column_text] Vous trouverez ci-apr\u00e8s des informations concernant la formation \u00e0 laquelle vous vous \u00eates inscrits :<\/p>\n","protected":false},"author":74,"featured_media":0,"comment_status":"closed","ping_status":"closed","sticky":false,"template":"","format":"standard","meta":{"footnotes":""},"categories":[11],"tags":[],"class_list":["post-2502","post","type-post","status-publish","format-standard","hentry","category-formations"],"_links":{"self":[{"href":"https:\/\/sites.ffkarate.fr\/lot\/wp-json\/wp\/v2\/posts\/2502","targetHints":{"allow":["GET"]}}],"collection":[{"href":"https:\/\/sites.ffkarate.fr\/lot\/wp-json\/wp\/v2\/posts"}],"about":[{"href":"https:\/\/sites.ffkarate.fr\/lot\/wp-json\/wp\/v2\/types\/post"}],"author":[{"embeddable":true,"href":"https:\/\/sites.ffkarate.fr\/lot\/wp-json\/wp\/v2\/users\/74"}],"replies":[{"embeddable":true,"href":"https:\/\/sites.ffkarate.fr\/lot\/wp-json\/wp\/v2\/comments?post=2502"}],"version-history":[{"count":3,"href":"https:\/\/sites.ffkarate.fr\/lot\/wp-json\/wp\/v2\/posts\/2502\/revisions"}],"predecessor-version":[{"id":2505,"href":"https:\/\/sites.ffkarate.fr\/lot\/wp-json\/wp\/v2\/posts\/2502\/revisions\/2505"}],"wp:attachment":[{"href":"https:\/\/sites.ffkarate.fr\/lot\/wp-json\/wp\/v2\/media?parent=2502"}],"wp:term":[{"taxonomy":"category","embeddable":true,"href":"https:\/\/sites.ffkarate.fr\/lot\/wp-json\/wp\/v2\/categories?post=2502"},{"taxonomy":"post_tag","embeddable":true,"href":"https:\/\/sites.ffkarate.fr\/lot\/wp-json\/wp\/v2\/tags?post=2502"}],"curies":[{"name":"wp","href":"https:\/\/api.w.org\/{rel}","templated":true}]}}