{"id":2668,"date":"2026-02-22T15:03:51","date_gmt":"2026-02-22T14:03:51","guid":{"rendered":"https:\/\/sites.ffkarate.fr\/lot\/?p=2668"},"modified":"2026-02-22T15:03:51","modified_gmt":"2026-02-22T14:03:51","slug":"dif-daf-2026","status":"publish","type":"post","link":"https:\/\/sites.ffkarate.fr\/lot\/2026\/02\/22\/dif-daf-2026\/","title":{"rendered":"DIF DAF 2026"},"content":{"rendered":"<div class=\"wpb-content-wrapper\"><p>[vc_row][vc_column][vc_column_text]La promotion 2026\u00a0 DIF et DAF r\u00e9unie autour de la responsable de la formation Nathalie PALLAS.<\/p>\n<p>Tout laisse \u00e0 penser, au vu des r\u00e9sultats, qu&rsquo;ils sauront perp\u00e9tuer et transmettre les valeurs de nos Arts Martiaux.<\/p>\n<p>F\u00e9licitations \u00e0 tous.[\/vc_column_text][\/vc_column][\/vc_row]<\/p>\n<\/div>","protected":false},"excerpt":{"rendered":"<p>[vc_row][vc_column][vc_column_text]La promotion 2026\u00a0 DIF et DAF r\u00e9unie autour de la responsable de la formation Nathalie PALLAS. Tout laisse \u00e0 penser, au vu des r\u00e9sultats, qu&rsquo;ils sauront perp\u00e9tuer et transmettre les valeurs de nos Arts Martiaux. F\u00e9licitations \u00e0 tous.[\/vc_column_text][\/vc_column][\/vc_row]<\/p>\n","protected":false},"author":74,"featured_media":2667,"comment_status":"open","ping_status":"open","sticky":false,"template":"","format":"standard","meta":{"footnotes":""},"categories":[1],"tags":[],"class_list":["post-2668","post","type-post","status-publish","format-standard","hentry","category-non-classe"],"_links":{"self":[{"href":"https:\/\/sites.ffkarate.fr\/lot\/wp-json\/wp\/v2\/posts\/2668","targetHints":{"allow":["GET"]}}],"collection":[{"href":"https:\/\/sites.ffkarate.fr\/lot\/wp-json\/wp\/v2\/posts"}],"about":[{"href":"https:\/\/sites.ffkarate.fr\/lot\/wp-json\/wp\/v2\/types\/post"}],"author":[{"embeddable":true,"href":"https:\/\/sites.ffkarate.fr\/lot\/wp-json\/wp\/v2\/users\/74"}],"replies":[{"embeddable":true,"href":"https:\/\/sites.ffkarate.fr\/lot\/wp-json\/wp\/v2\/comments?post=2668"}],"version-history":[{"count":1,"href":"https:\/\/sites.ffkarate.fr\/lot\/wp-json\/wp\/v2\/posts\/2668\/revisions"}],"predecessor-version":[{"id":2669,"href":"https:\/\/sites.ffkarate.fr\/lot\/wp-json\/wp\/v2\/posts\/2668\/revisions\/2669"}],"wp:featuredmedia":[{"embeddable":true,"href":"https:\/\/sites.ffkarate.fr\/lot\/wp-json\/wp\/v2\/media\/2667"}],"wp:attachment":[{"href":"https:\/\/sites.ffkarate.fr\/lot\/wp-json\/wp\/v2\/media?parent=2668"}],"wp:term":[{"taxonomy":"category","embeddable":true,"href":"https:\/\/sites.ffkarate.fr\/lot\/wp-json\/wp\/v2\/categories?post=2668"},{"taxonomy":"post_tag","embeddable":true,"href":"https:\/\/sites.ffkarate.fr\/lot\/wp-json\/wp\/v2\/tags?post=2668"}],"curies":[{"name":"wp","href":"https:\/\/api.w.org\/{rel}","templated":true}]}}