{"id":1798,"date":"2023-10-30T13:38:58","date_gmt":"2023-10-30T12:38:58","guid":{"rendered":"https:\/\/sites.ffkarate.fr\/lotetgaronne\/?p=1798"},"modified":"2023-12-11T16:03:19","modified_gmt":"2023-12-11T15:03:19","slug":"annonce-assemblee-generale","status":"publish","type":"post","link":"https:\/\/sites.ffkarate.fr\/lotetgaronne\/2023\/10\/30\/annonce-assemblee-generale\/","title":{"rendered":"ANNONCE ASSEMBLEE GENERALE"},"content":{"rendered":"<div class=\"wpb-content-wrapper\"><p>[vc_row][vc_column][vc_column_text]<\/p>\n<p style=\"text-align: center\">ASSEMBL\u00c9E G\u00c9N\u00c9RALE ORDINAIRE DU<\/p>\n<p style=\"text-align: center\">COMITE D\u00c9PARTEMENTAL DE LOT ET GARONNE<\/p>\n<p>&nbsp;<\/p>\n<h2 style=\"text-align: center\">\u00a0\u00a0\u00a0\u00a0\u00a0\u00a0\u00a0\u00a0\u00a0\u00a0\u00a0<u> ANNONCE ASSEMBL\u00c9E G\u00c9N\u00c9RALE\u00a0<\/u><\/h2>\n<p>&nbsp;<\/p>\n<p>Le comit\u00e9 d\u00e9partemental du Lot et Garonne annonce la tenue de son assembl\u00e9e g\u00e9n\u00e9rale \u00e9lective qui se d\u00e9roulera le 13 janvier 2024 \u00e0 17h30 \u00e0 La Base &#8211; TEMPLE SUR LOT<\/p>\n<p>Conform\u00e9ment aux statuts du comit\u00e9 d\u00e9partemental du Lot et Garonne l\u2019assembl\u00e9e g\u00e9n\u00e9rale r\u00e9unira les pr\u00e9sidents des associations affili\u00e9es, ou \u00e0 d\u00e9faut un licenci\u00e9 du club mandat\u00e9 par le pr\u00e9sident.<\/p>\n<p>L\u2019ordre du jour complet sera communiqu\u00e9 avec les convocations pour l\u2019assembl\u00e9e g\u00e9n\u00e9rale.<\/p>\n<p>Les convocations seront transmises au plus tard 15 jours francs avant l\u2019assembl\u00e9e g\u00e9n\u00e9rale.<\/p>\n<p>&nbsp;<\/p>\n<p>La Pr\u00e9sidente.<\/p>\n<p>Christine CESARO[\/vc_column_text][\/vc_column][\/vc_row]<\/p>\n<\/div>","protected":false},"excerpt":{"rendered":"<p>[vc_row][vc_column][vc_column_text] ASSEMBL\u00c9E G\u00c9N\u00c9RALE ORDINAIRE DU COMITE D\u00c9PARTEMENTAL DE LOT ET GARONNE &nbsp; \u00a0\u00a0\u00a0\u00a0\u00a0\u00a0\u00a0\u00a0\u00a0\u00a0\u00a0 ANNONCE ASSEMBL\u00c9E G\u00c9N\u00c9RALE\u00a0 &nbsp; Le comit\u00e9 d\u00e9partemental du Lot et Garonne annonce la tenue de son assembl\u00e9e g\u00e9n\u00e9rale \u00e9lective qui se d\u00e9roulera le 13 janvier 2024 \u00e0 17h30 \u00e0 La Base &#8211; TEMPLE SUR LOT Conform\u00e9ment aux statuts du comit\u00e9 d\u00e9partemental du [&hellip;]<\/p>\n","protected":false},"author":114,"featured_media":0,"comment_status":"closed","ping_status":"closed","sticky":false,"template":"","format":"standard","meta":{"footnotes":""},"categories":[1],"tags":[],"class_list":["post-1798","post","type-post","status-publish","format-standard","hentry","category-non-classe"],"_links":{"self":[{"href":"https:\/\/sites.ffkarate.fr\/lotetgaronne\/wp-json\/wp\/v2\/posts\/1798","targetHints":{"allow":["GET"]}}],"collection":[{"href":"https:\/\/sites.ffkarate.fr\/lotetgaronne\/wp-json\/wp\/v2\/posts"}],"about":[{"href":"https:\/\/sites.ffkarate.fr\/lotetgaronne\/wp-json\/wp\/v2\/types\/post"}],"author":[{"embeddable":true,"href":"https:\/\/sites.ffkarate.fr\/lotetgaronne\/wp-json\/wp\/v2\/users\/114"}],"replies":[{"embeddable":true,"href":"https:\/\/sites.ffkarate.fr\/lotetgaronne\/wp-json\/wp\/v2\/comments?post=1798"}],"version-history":[{"count":5,"href":"https:\/\/sites.ffkarate.fr\/lotetgaronne\/wp-json\/wp\/v2\/posts\/1798\/revisions"}],"predecessor-version":[{"id":1823,"href":"https:\/\/sites.ffkarate.fr\/lotetgaronne\/wp-json\/wp\/v2\/posts\/1798\/revisions\/1823"}],"wp:attachment":[{"href":"https:\/\/sites.ffkarate.fr\/lotetgaronne\/wp-json\/wp\/v2\/media?parent=1798"}],"wp:term":[{"taxonomy":"category","embeddable":true,"href":"https:\/\/sites.ffkarate.fr\/lotetgaronne\/wp-json\/wp\/v2\/categories?post=1798"},{"taxonomy":"post_tag","embeddable":true,"href":"https:\/\/sites.ffkarate.fr\/lotetgaronne\/wp-json\/wp\/v2\/tags?post=1798"}],"curies":[{"name":"wp","href":"https:\/\/api.w.org\/{rel}","templated":true}]}}