{"id":2427,"date":"2026-08-29T12:59:00","date_gmt":"2026-08-29T10:59:00","guid":{"rendered":"https:\/\/sites.ffkarate.fr\/lotetgaronne\/?p=2427"},"modified":"2026-08-29T13:02:56","modified_gmt":"2026-08-29T11:02:56","slug":"appel-a-candidature-directeur-technique-departemental-dtd","status":"publish","type":"post","link":"https:\/\/sites.ffkarate.fr\/lotetgaronne\/2026\/08\/29\/appel-a-candidature-directeur-technique-departemental-dtd\/","title":{"rendered":"APPEL A CANDIDATURE DIRECTEUR TECHNIQUE DEPARTEMENTAL &#8211; DTD"},"content":{"rendered":"<div class=\"wpb-content-wrapper\"><p>[vc_row][vc_column][vc_column_text]Suite \u00e0 la d\u00e9mission du Directeur Technique D\u00e9partemental en place, le Comit\u00e9 D\u00e9partemental du Lot et Garonne lance un appel \u00e0 candidature.<\/p>\n<p><strong>La date limite de D\u00e9p\u00f4t de candidature : 12 SEPTEMBRE 2026.<\/strong><!--more--><\/p>\n<p><span style=\"text-decoration: underline\"><em>Pr\u00e9requis pour cette fonction :<\/em><\/span><\/p>\n<p>Le DTD est licenci\u00e9 \u00e0 la f\u00e9d\u00e9ration, titulaire au moins du BPJEPS ou du BEES 1er degr\u00e9, du<br \/>\nTFP ou du CQP. A d\u00e9faut, le DTD titulaire du DIF s\u2019engagera \u00e0 s\u2019inscrire au plus t\u00f4t dans<br \/>\nune formation de niveau sup\u00e9rieur. Il est au minimum titulaire du 2\u00e8me dan.<\/p>\n<p>Vous trouverez en pi\u00e8ce jointe le document \u00e0 compl\u00e9ter avec toutes les informations n\u00e9cessaires et les pi\u00e8ces \u00e0 fournir.<\/p>\n<p>les candidatures peuvent \u00eatre retourn\u00e9es par courriel (e-mail) \u00e0 l&rsquo;adresse <a href=\"mailto:cd-karate47@orange.fr\">cd-karate47@orange.fr<\/a> avec si besoin copie \u00e0 l&rsquo;adresse de la Pr\u00e9sidente <a href=\"mailto:calycesaro@gmail.com\">calycesaro@gmail.com<\/a><\/p>\n<p>En cas d&rsquo;impossibilit\u00e9 de transmission par courriel, les candidatures peuvent \u00eatre envoy\u00e9es par courrier \u00e0 l&rsquo;adresse ci-dessous :<\/p>\n<p>CDK47 &#8211; Christine CESARO<br \/>\n9 RUE CAMILLE DESMOULINS<br \/>\n47000 AGEN[\/vc_column_text][\/vc_column][\/vc_row]<\/p>\n<\/div>","protected":false},"excerpt":{"rendered":"<p>[vc_row][vc_column][vc_column_text]Suite \u00e0 la d\u00e9mission du Directeur Technique D\u00e9partemental en place, le Comit\u00e9 D\u00e9partemental du Lot et Garonne lance un appel \u00e0 candidature. La date limite de D\u00e9p\u00f4t de candidature : 12 SEPTEMBRE 2026.<\/p>\n","protected":false},"author":114,"featured_media":2428,"comment_status":"open","ping_status":"open","sticky":false,"template":"","format":"standard","meta":{"footnotes":""},"categories":[13,38],"tags":[],"class_list":["post-2427","post","type-post","status-publish","format-standard","hentry","category-institutionnel","category-technique"],"_links":{"self":[{"href":"https:\/\/sites.ffkarate.fr\/lotetgaronne\/wp-json\/wp\/v2\/posts\/2427","targetHints":{"allow":["GET"]}}],"collection":[{"href":"https:\/\/sites.ffkarate.fr\/lotetgaronne\/wp-json\/wp\/v2\/posts"}],"about":[{"href":"https:\/\/sites.ffkarate.fr\/lotetgaronne\/wp-json\/wp\/v2\/types\/post"}],"author":[{"embeddable":true,"href":"https:\/\/sites.ffkarate.fr\/lotetgaronne\/wp-json\/wp\/v2\/users\/114"}],"replies":[{"embeddable":true,"href":"https:\/\/sites.ffkarate.fr\/lotetgaronne\/wp-json\/wp\/v2\/comments?post=2427"}],"version-history":[{"count":6,"href":"https:\/\/sites.ffkarate.fr\/lotetgaronne\/wp-json\/wp\/v2\/posts\/2427\/revisions"}],"predecessor-version":[{"id":2437,"href":"https:\/\/sites.ffkarate.fr\/lotetgaronne\/wp-json\/wp\/v2\/posts\/2427\/revisions\/2437"}],"wp:featuredmedia":[{"embeddable":true,"href":"https:\/\/sites.ffkarate.fr\/lotetgaronne\/wp-json\/wp\/v2\/media\/2428"}],"wp:attachment":[{"href":"https:\/\/sites.ffkarate.fr\/lotetgaronne\/wp-json\/wp\/v2\/media?parent=2427"}],"wp:term":[{"taxonomy":"category","embeddable":true,"href":"https:\/\/sites.ffkarate.fr\/lotetgaronne\/wp-json\/wp\/v2\/categories?post=2427"},{"taxonomy":"post_tag","embeddable":true,"href":"https:\/\/sites.ffkarate.fr\/lotetgaronne\/wp-json\/wp\/v2\/tags?post=2427"}],"curies":[{"name":"wp","href":"https:\/\/api.w.org\/{rel}","templated":true}]}}