{"id":2438,"date":"2026-08-29T13:08:47","date_gmt":"2026-08-29T11:08:47","guid":{"rendered":"https:\/\/sites.ffkarate.fr\/lotetgaronne\/?p=2438"},"modified":"2026-08-29T13:08:47","modified_gmt":"2026-08-29T11:08:47","slug":"appel-a-candidature-responsable-des-grades-departemental-karate-rdg","status":"publish","type":"post","link":"https:\/\/sites.ffkarate.fr\/lotetgaronne\/2026\/08\/29\/appel-a-candidature-responsable-des-grades-departemental-karate-rdg\/","title":{"rendered":"APPEL A CANDIDATURE RESPONSABLE DES GRADES DEPARTEMENTAL KARATE &#8211; RDG"},"content":{"rendered":"<div class=\"wpb-content-wrapper\"><p>[vc_row][vc_column][vc_column_text]Suite \u00e0 la d\u00e9mission du Responsable des Grades D\u00e9partemental Karat\u00e9 en place, le Comit\u00e9 D\u00e9partemental du Lot et Garonne lance un appel \u00e0 candidature.<\/p>\n<p><strong>La date limite de D\u00e9p\u00f4t de candidature : 12 SEPTEMBRE 2026.<\/strong><!--more--><\/p>\n<p><span style=\"text-decoration: underline\"><em>Pr\u00e9requis pour cette fonction :<\/em><\/span><\/p>\n<p>Le responsable d\u00e9partemental des grades karat\u00e9 doit \u00eatre licenci\u00e9 dans le secteur<br \/>\ng\u00e9ographique du comit\u00e9 d\u00e9partemental concern\u00e9 et titulaire du 4\u00e8me Dan minimum.<\/p>\n<p>Vous trouverez en pi\u00e8ce jointe le document \u00e0 compl\u00e9ter avec toutes les informations n\u00e9cessaires et les pi\u00e8ces \u00e0 fournir.<\/p>\n<p>les candidatures peuvent \u00eatre retourn\u00e9es par courriel (e-mail) \u00e0 l\u2019adresse\u00a0<a href=\"mailto:cd-karate47@orange.fr\" target=\"_blank\" rel=\"noopener\">cd-karate47@orange.fr<\/a>\u00a0avec si besoin copie \u00e0 l\u2019adresse de la Pr\u00e9sidente\u00a0<a href=\"mailto:calycesaro@gmail.com\" target=\"_blank\" rel=\"noopener\">calycesaro@gmail.com<\/a><\/p>\n<p>En cas d\u2019impossibilit\u00e9 de transmission par courriel, les candidatures peuvent \u00eatre envoy\u00e9es par courrier \u00e0 l\u2019adresse ci-dessous :<\/p>\n<p>CDK47 \u2013 Christine CESARO<br \/>\n9 RUE CAMILLE DESMOULINS<br \/>\n47000 AGEN[\/vc_column_text][\/vc_column][\/vc_row]<\/p>\n<\/div>","protected":false},"excerpt":{"rendered":"<p>[vc_row][vc_column][vc_column_text]Suite \u00e0 la d\u00e9mission du Responsable des Grades D\u00e9partemental Karat\u00e9 en place, le Comit\u00e9 D\u00e9partemental du Lot et Garonne lance un appel \u00e0 candidature. La date limite de D\u00e9p\u00f4t de candidature : 12 SEPTEMBRE 2026.<\/p>\n","protected":false},"author":114,"featured_media":2429,"comment_status":"open","ping_status":"open","sticky":false,"template":"","format":"standard","meta":{"footnotes":""},"categories":[12,13,14,38],"tags":[],"class_list":["post-2438","post","type-post","status-publish","format-standard","hentry","category-grades","category-institutionnel","category-karate","category-technique"],"_links":{"self":[{"href":"https:\/\/sites.ffkarate.fr\/lotetgaronne\/wp-json\/wp\/v2\/posts\/2438","targetHints":{"allow":["GET"]}}],"collection":[{"href":"https:\/\/sites.ffkarate.fr\/lotetgaronne\/wp-json\/wp\/v2\/posts"}],"about":[{"href":"https:\/\/sites.ffkarate.fr\/lotetgaronne\/wp-json\/wp\/v2\/types\/post"}],"author":[{"embeddable":true,"href":"https:\/\/sites.ffkarate.fr\/lotetgaronne\/wp-json\/wp\/v2\/users\/114"}],"replies":[{"embeddable":true,"href":"https:\/\/sites.ffkarate.fr\/lotetgaronne\/wp-json\/wp\/v2\/comments?post=2438"}],"version-history":[{"count":2,"href":"https:\/\/sites.ffkarate.fr\/lotetgaronne\/wp-json\/wp\/v2\/posts\/2438\/revisions"}],"predecessor-version":[{"id":2440,"href":"https:\/\/sites.ffkarate.fr\/lotetgaronne\/wp-json\/wp\/v2\/posts\/2438\/revisions\/2440"}],"wp:featuredmedia":[{"embeddable":true,"href":"https:\/\/sites.ffkarate.fr\/lotetgaronne\/wp-json\/wp\/v2\/media\/2429"}],"wp:attachment":[{"href":"https:\/\/sites.ffkarate.fr\/lotetgaronne\/wp-json\/wp\/v2\/media?parent=2438"}],"wp:term":[{"taxonomy":"category","embeddable":true,"href":"https:\/\/sites.ffkarate.fr\/lotetgaronne\/wp-json\/wp\/v2\/categories?post=2438"},{"taxonomy":"post_tag","embeddable":true,"href":"https:\/\/sites.ffkarate.fr\/lotetgaronne\/wp-json\/wp\/v2\/tags?post=2438"}],"curies":[{"name":"wp","href":"https:\/\/api.w.org\/{rel}","templated":true}]}}