{"id":413,"date":"2020-06-02T13:36:38","date_gmt":"2020-06-02T11:36:38","guid":{"rendered":"https:\/\/sites.ffkarate.fr\/lotetgaronne\/?post_type=news&#038;p=413"},"modified":"2021-05-27T12:20:28","modified_gmt":"2021-05-27T10:20:28","slug":"reprise-phase-2-des-activites-des-clubs","status":"publish","type":"post","link":"https:\/\/sites.ffkarate.fr\/lotetgaronne\/2020\/06\/02\/reprise-phase-2-des-activites-des-clubs\/","title":{"rendered":"REPRISE PHASE 2 DES ACTIVITES DES CLUBS"},"content":{"rendered":"<div class=\"wpb-content-wrapper\"><p>[vc_row][vc_column][vc_column_text]les\u00a0gymnases, dojos et salles de sport en zone verte peuvent \u00e0 nouveau ouvrir\u00a0<span style=\"color: #ff0000\"><strong>dans le respect des protocoles sanitaires \u00e9labor\u00e9s par le minist\u00e8re des sports<\/strong>.<\/span><\/p>\n<h2><strong><span style=\"text-decoration: underline\">QUELLES SONT LES REGLES A RESPECTER<\/span> :<\/strong><!--more--><\/h2>\n<ul>\n<li>le<strong>\u00a0respect de la distanciation physique<\/strong>\u00a0sp\u00e9cifique aux activit\u00e9s sportives sera imp\u00e9ratif entre les pratiquants.<\/li>\n<li>Les pratiques autoris\u00e9es sont fond\u00e9es sur l\u2019<strong>absence de contact physique<\/strong>\u00a0:\n<ul>\n<li><strong>La remise en forme<\/strong><\/li>\n<li><strong>Le travail technique<\/strong>\u00a0(Kata, Kihon, Quyen, Ta\u00efchi, Taolu,\u2026)<\/li>\n<li>La r\u00e9alisation de \u00ab jeux \u00bb pour les plus jeunes<\/li>\n<\/ul>\n<\/li>\n<li><strong>Si aucun groupe de plus de 10 pratiquants (encadrant compris) ne saurait \u00eatre constitu\u00e9,<\/strong> plusieurs groupes de 10 pratiquants pourront \u00eatre accueillis simultan\u00e9ment dans le m\u00eame \u00e9quipement d\u00e8s lors que :\n<ul>\n<li>chaque groupe respecte en son sein les r\u00e8gles de distanciation physique impos\u00e9es pour la pratique sportive,<\/li>\n<li>l\u2019espace disponible, la pratique propos\u00e9e et les modalit\u00e9s de circulation et d\u2019espacement des groupes se conforment aux principes g\u00e9n\u00e9raux de distanciation.<\/li>\n<\/ul>\n<\/li>\n<\/ul>\n<p><span style=\"color: #ff0000\"><strong>La pratique des activit\u00e9s de contact n\u2019est pour le moment pas permise.<\/strong><\/span> Un\u00a0<strong>nouveau point sera r\u00e9alis\u00e9 le 22 juin<\/strong>\u00a0\u00e0 ce sujet.<\/p>\n<p>&nbsp;<\/p>\n<p><em>Pour plus d&rsquo;informations nous vous invitons \u00e0 consulter et imprimer la fiche ci-dessous.<\/em><\/p>\n<h2><span style=\"color: #99cc00\"><a class=\"bouton\" style=\"color: #99cc00\" href=\"https:\/\/www.ffkarate.fr\/wp-content\/uploads\/2020\/06\/FICHE_REPRISE_phase-2-1.pdf\" target=\"_blank\" rel=\"noopener\">Fiche reprise phase 2 FFK (zone verte)<\/a><\/span><\/h2>\n<p><em>et consulter le site du minist\u00e8re des sports :\u00a0<\/em><\/p>\n<h2 class=\"sg-titre-rubrique\"><a href=\"http:\/\/sports.gouv.fr\/presse\/article\/deconfinement-2-les-mesures-pour-le-sport-du-2-au-22-juin-2020\" target=\"_blank\" rel=\"noopener\">D\u00e9confinement 2\u00a0: les mesures pour le sport du 2 au 22 juin 2020<\/a><\/h2>\n<p>&nbsp;[\/vc_column_text][\/vc_column][\/vc_row]<\/p>\n<\/div>","protected":false},"excerpt":{"rendered":"<p>[vc_row][vc_column][vc_column_text]les\u00a0gymnases, dojos et salles de sport en zone verte peuvent \u00e0 nouveau ouvrir\u00a0dans le respect des protocoles sanitaires \u00e9labor\u00e9s par le minist\u00e8re des sports. QUELLES SONT LES REGLES A RESPECTER :<\/p>\n","protected":false},"author":113,"featured_media":0,"comment_status":"closed","ping_status":"closed","sticky":false,"template":"","format":"standard","meta":{"footnotes":""},"categories":[5],"tags":[],"class_list":["post-413","post","type-post","status-publish","format-standard","hentry","category-actualites"],"_links":{"self":[{"href":"https:\/\/sites.ffkarate.fr\/lotetgaronne\/wp-json\/wp\/v2\/posts\/413","targetHints":{"allow":["GET"]}}],"collection":[{"href":"https:\/\/sites.ffkarate.fr\/lotetgaronne\/wp-json\/wp\/v2\/posts"}],"about":[{"href":"https:\/\/sites.ffkarate.fr\/lotetgaronne\/wp-json\/wp\/v2\/types\/post"}],"author":[{"embeddable":true,"href":"https:\/\/sites.ffkarate.fr\/lotetgaronne\/wp-json\/wp\/v2\/users\/113"}],"replies":[{"embeddable":true,"href":"https:\/\/sites.ffkarate.fr\/lotetgaronne\/wp-json\/wp\/v2\/comments?post=413"}],"version-history":[{"count":1,"href":"https:\/\/sites.ffkarate.fr\/lotetgaronne\/wp-json\/wp\/v2\/posts\/413\/revisions"}],"predecessor-version":[{"id":689,"href":"https:\/\/sites.ffkarate.fr\/lotetgaronne\/wp-json\/wp\/v2\/posts\/413\/revisions\/689"}],"wp:attachment":[{"href":"https:\/\/sites.ffkarate.fr\/lotetgaronne\/wp-json\/wp\/v2\/media?parent=413"}],"wp:term":[{"taxonomy":"category","embeddable":true,"href":"https:\/\/sites.ffkarate.fr\/lotetgaronne\/wp-json\/wp\/v2\/categories?post=413"},{"taxonomy":"post_tag","embeddable":true,"href":"https:\/\/sites.ffkarate.fr\/lotetgaronne\/wp-json\/wp\/v2\/tags?post=413"}],"curies":[{"name":"wp","href":"https:\/\/api.w.org\/{rel}","templated":true}]}}