{"id":858,"date":"2021-10-06T17:00:33","date_gmt":"2021-10-06T15:00:33","guid":{"rendered":"https:\/\/sites.ffkarate.fr\/lotetgaronne\/?p=858"},"modified":"2021-10-06T18:37:40","modified_gmt":"2021-10-06T16:37:40","slug":"nomination-du-dtr-de-la-ligue-regionale-nouvelle-aquitaine","status":"publish","type":"post","link":"https:\/\/sites.ffkarate.fr\/lotetgaronne\/2021\/10\/06\/nomination-du-dtr-de-la-ligue-regionale-nouvelle-aquitaine\/","title":{"rendered":"Nomination du Directeur Technique D\u00e9partemental"},"content":{"rendered":"<div class=\"wpb-content-wrapper\"><p>[vc_row][vc_column][vc_column_text]Nous sommes heureux de vous annoncer la nomination par la Direction Technique Nationale de M. Lo\u00efc MARTY au poste de Directeur Technique D\u00e9partemental du Lot et Garonne.<!--more-->[\/vc_column_text][\/vc_column][\/vc_row][vc_row][vc_column][vc_column_text]<strong>A 33 ans Lo\u00efc MARTY a d\u00e9j\u00e0 un parcours bien rempli.<\/strong><\/p>\n<p>5eme Dan et titulaire d&rsquo;un DESJEPS, il commence par int\u00e9grer le 1er P\u00f4le Espoir ouvert pour le Kata.<br \/>\nApr\u00e8s quelques belles m\u00e9dailles au Karat\u00e9 et cherchant toujours \u00e0 \u00e9voluer dans son parcours martial il migre vers les Etats Unis \u00e0 la d\u00e9couverte du MMA.<br \/>\nTriple Champion du monde de MMA, il n&rsquo;oublie pas ses d\u00e9buts martiaux et revendique toujours son identit\u00e9 de Karat\u00e9ka.<br \/>\nEnfant du karat\u00e9 <em>(comme il le dit lui-m\u00eame)<\/em>\u00a0 et combattant \u00e9m\u00e9rite du MMA, Lo\u00efc Marty participe activement depuis 2015 au d\u00e9veloppement du Karat\u00e9 Mix au sein de la FFK.<\/p>\n<p><strong>Le Comit\u00e9 D\u00e9partemental du Lot et Garonne se r\u00e9jouit de cette nomination<\/strong>.<\/p>\n<p><em>Riche de ce parcours singulier, Technicien et combattant, entra\u00eeneur, coach, formateur &#8230;\u00a0 Lo\u00efc Marty a d\u00e9montr\u00e9 tout au long de son parcours et de ses exp\u00e9riences tant en club, qu&rsquo;au niveau d\u00e9partemental et f\u00e9d\u00e9ral, des qualit\u00e9s\u00a0 humaines et une \u00e9coute qui lui permettront, j&rsquo;en suis certaine, de maintenir et d\u00e9velopper le Karat\u00e9 et ses disciplines associ\u00e9es aupr\u00e8s des pratiquants du Lot et Garonne, dans un bel esprit, un esprit fid\u00e8le \u00e0 nos valeurs martiales.<\/em><\/p>\n<h6><em>Christine CESARO\u00a0<\/em><br \/>\n<em>Pr\u00e9sidente.<\/em><\/h6>\n<p>[\/vc_column_text][vc_gallery images=\u00a0\u00bb859,860,874,875&Prime;][\/vc_column][\/vc_row]<\/p>\n<\/div>","protected":false},"excerpt":{"rendered":"<p>[vc_row][vc_column][vc_column_text]Nous sommes heureux de vous annoncer la nomination par la Direction Technique Nationale de M. Lo\u00efc MARTY au poste de Directeur Technique D\u00e9partemental du Lot et Garonne.<\/p>\n","protected":false},"author":114,"featured_media":861,"comment_status":"closed","ping_status":"closed","sticky":false,"template":"","format":"standard","meta":{"footnotes":""},"categories":[38,13],"tags":[],"class_list":["post-858","post","type-post","status-publish","format-standard","hentry","category-technique","category-institutionnel"],"_links":{"self":[{"href":"https:\/\/sites.ffkarate.fr\/lotetgaronne\/wp-json\/wp\/v2\/posts\/858","targetHints":{"allow":["GET"]}}],"collection":[{"href":"https:\/\/sites.ffkarate.fr\/lotetgaronne\/wp-json\/wp\/v2\/posts"}],"about":[{"href":"https:\/\/sites.ffkarate.fr\/lotetgaronne\/wp-json\/wp\/v2\/types\/post"}],"author":[{"embeddable":true,"href":"https:\/\/sites.ffkarate.fr\/lotetgaronne\/wp-json\/wp\/v2\/users\/114"}],"replies":[{"embeddable":true,"href":"https:\/\/sites.ffkarate.fr\/lotetgaronne\/wp-json\/wp\/v2\/comments?post=858"}],"version-history":[{"count":12,"href":"https:\/\/sites.ffkarate.fr\/lotetgaronne\/wp-json\/wp\/v2\/posts\/858\/revisions"}],"predecessor-version":[{"id":883,"href":"https:\/\/sites.ffkarate.fr\/lotetgaronne\/wp-json\/wp\/v2\/posts\/858\/revisions\/883"}],"wp:featuredmedia":[{"embeddable":true,"href":"https:\/\/sites.ffkarate.fr\/lotetgaronne\/wp-json\/wp\/v2\/media\/861"}],"wp:attachment":[{"href":"https:\/\/sites.ffkarate.fr\/lotetgaronne\/wp-json\/wp\/v2\/media?parent=858"}],"wp:term":[{"taxonomy":"category","embeddable":true,"href":"https:\/\/sites.ffkarate.fr\/lotetgaronne\/wp-json\/wp\/v2\/categories?post=858"},{"taxonomy":"post_tag","embeddable":true,"href":"https:\/\/sites.ffkarate.fr\/lotetgaronne\/wp-json\/wp\/v2\/tags?post=858"}],"curies":[{"name":"wp","href":"https:\/\/api.w.org\/{rel}","templated":true}]}}