{"id":2125,"date":"2022-10-24T21:46:28","date_gmt":"2022-10-24T19:46:28","guid":{"rendered":"https:\/\/sites.ffkarate.fr\/maineetloire\/?p=2125"},"modified":"2022-11-09T13:58:36","modified_gmt":"2022-11-09T12:58:36","slug":"coupe-departementale-enfants-20-11-2022","status":"publish","type":"post","link":"https:\/\/sites.ffkarate.fr\/maineetloire\/2022\/10\/24\/coupe-departementale-enfants-20-11-2022\/","title":{"rendered":"COUPE DEPARTEMENTALE COMBAT ENFANTS 20.11.2022"},"content":{"rendered":"<div class=\"wpb-content-wrapper\"><p>[vc_row][vc_column][vc_column_text]La premi\u00e8re comp\u00e9tition de la saison aura lieu \u00e0 Cholet le 20 novembre prochain et concerne le kumit\u00e9 enfants pupilles et benjamins. Merci d&rsquo;inscrire vos comp\u00e9titeurs sur le site f\u00e9d\u00e9ral avant le 16 novembre dernier d\u00e9lai. Bonne pr\u00e9paration \u00e0 tous.[\/vc_column_text][\/vc_column][\/vc_row]<\/p>\n<\/div>","protected":false},"excerpt":{"rendered":"<p>[vc_row][vc_column][vc_column_text]La premi\u00e8re comp\u00e9tition de la saison aura lieu \u00e0 Cholet le 20 novembre prochain et concerne le kumit\u00e9 enfants pupilles et benjamins. Merci d&rsquo;inscrire vos comp\u00e9titeurs sur le site f\u00e9d\u00e9ral avant le 16 novembre dernier d\u00e9lai. Bonne pr\u00e9paration \u00e0 tous.[\/vc_column_text][\/vc_column][\/vc_row]<\/p>\n","protected":false},"author":117,"featured_media":2114,"comment_status":"closed","ping_status":"closed","sticky":false,"template":"","format":"standard","meta":{"footnotes":""},"categories":[1],"tags":[],"class_list":["post-2125","post","type-post","status-publish","format-standard","hentry","category-non-classe"],"_links":{"self":[{"href":"https:\/\/sites.ffkarate.fr\/maineetloire\/wp-json\/wp\/v2\/posts\/2125","targetHints":{"allow":["GET"]}}],"collection":[{"href":"https:\/\/sites.ffkarate.fr\/maineetloire\/wp-json\/wp\/v2\/posts"}],"about":[{"href":"https:\/\/sites.ffkarate.fr\/maineetloire\/wp-json\/wp\/v2\/types\/post"}],"author":[{"embeddable":true,"href":"https:\/\/sites.ffkarate.fr\/maineetloire\/wp-json\/wp\/v2\/users\/117"}],"replies":[{"embeddable":true,"href":"https:\/\/sites.ffkarate.fr\/maineetloire\/wp-json\/wp\/v2\/comments?post=2125"}],"version-history":[{"count":3,"href":"https:\/\/sites.ffkarate.fr\/maineetloire\/wp-json\/wp\/v2\/posts\/2125\/revisions"}],"predecessor-version":[{"id":2160,"href":"https:\/\/sites.ffkarate.fr\/maineetloire\/wp-json\/wp\/v2\/posts\/2125\/revisions\/2160"}],"wp:featuredmedia":[{"embeddable":true,"href":"https:\/\/sites.ffkarate.fr\/maineetloire\/wp-json\/wp\/v2\/media\/2114"}],"wp:attachment":[{"href":"https:\/\/sites.ffkarate.fr\/maineetloire\/wp-json\/wp\/v2\/media?parent=2125"}],"wp:term":[{"taxonomy":"category","embeddable":true,"href":"https:\/\/sites.ffkarate.fr\/maineetloire\/wp-json\/wp\/v2\/categories?post=2125"},{"taxonomy":"post_tag","embeddable":true,"href":"https:\/\/sites.ffkarate.fr\/maineetloire\/wp-json\/wp\/v2\/tags?post=2125"}],"curies":[{"name":"wp","href":"https:\/\/api.w.org\/{rel}","templated":true}]}}