{"id":3274,"date":"2025-09-03T09:26:28","date_gmt":"2025-09-03T07:26:28","guid":{"rendered":"https:\/\/sites.ffkarate.fr\/maineetloire\/?p=3274"},"modified":"2025-09-10T09:02:47","modified_gmt":"2025-09-10T07:02:47","slug":"stage-exceptionnel-davy-dona-27-et-28-septembre-2025","status":"publish","type":"post","link":"https:\/\/sites.ffkarate.fr\/maineetloire\/2025\/09\/03\/stage-exceptionnel-davy-dona-27-et-28-septembre-2025\/","title":{"rendered":"STAGE EXCEPTIONNEL DAVY DONA 27 et 28 SEPTEMBRE 2025"},"content":{"rendered":"<div class=\"wpb-content-wrapper\"><p>[vc_row][vc_column][vc_column_text]Le comit\u00e9 d\u00e9partemental \u00e0 le plaisir de vous informer de la venue de Davy DONA 6\u00e8me dan de karat\u00e9, ancien membre de l&rsquo;\u00e9quipe de france, champion d&rsquo;Europe. Ce stage co organis\u00e9 par le CD, les clubs de la Vaillante Angers karat\u00e9, ASPC les PONTS DE CE et le KTE Angers se d\u00e9roulera le samedi 27 et dimanche 28 septembre aux PONTS DE CE.<\/p>\n<p>Compte tenu des places limit\u00e9es, nous vous invitons \u00e0 vous inscrire au plus vite en utilisant le lien suivant<\/p>\n<p>https:\/\/www.helloasso.com\/associations\/comite-departemental-de-maine-et-loire-de-karate-et-disciplines-associees\/evenements\/stage-davy-dona-27-09-2025<\/p>\n<p>&nbsp;<\/p>\n<p><a href=\"https:\/\/sites.ffkarate.fr\/maineetloire\/wp-content\/uploads\/sites\/72\/2025\/09\/stage-Davy-DONA-27-et-28-septembre-2025.pdf\"><img decoding=\"async\" class=\"alignnone size-medium wp-image-3296\" src=\"https:\/\/sites.ffkarate.fr\/maineetloire\/wp-content\/uploads\/sites\/72\/2025\/09\/545340910_1295269649061574_7243078073282622862_n-212x300.jpg\" alt=\"\" width=\"212\" height=\"300\" srcset=\"https:\/\/sites.ffkarate.fr\/maineetloire\/wp-content\/uploads\/sites\/72\/2025\/09\/545340910_1295269649061574_7243078073282622862_n-212x300.jpg 212w, https:\/\/sites.ffkarate.fr\/maineetloire\/wp-content\/uploads\/sites\/72\/2025\/09\/545340910_1295269649061574_7243078073282622862_n-724x1024.jpg 724w, https:\/\/sites.ffkarate.fr\/maineetloire\/wp-content\/uploads\/sites\/72\/2025\/09\/545340910_1295269649061574_7243078073282622862_n-768x1086.jpg 768w, https:\/\/sites.ffkarate.fr\/maineetloire\/wp-content\/uploads\/sites\/72\/2025\/09\/545340910_1295269649061574_7243078073282622862_n-1086x1536.jpg 1086w, https:\/\/sites.ffkarate.fr\/maineetloire\/wp-content\/uploads\/sites\/72\/2025\/09\/545340910_1295269649061574_7243078073282622862_n.jpg 1240w\" sizes=\"(max-width: 212px) 100vw, 212px\" \/>stage Davy DONA 27 et 28 septembre 2025<\/a>[\/vc_column_text][\/vc_column][\/vc_row]<\/p>\n<\/div>","protected":false},"excerpt":{"rendered":"<p>[vc_row][vc_column][vc_column_text]Le comit\u00e9 d\u00e9partemental \u00e0 le plaisir de vous informer de la venue de Davy DONA 6\u00e8me dan de karat\u00e9, ancien membre de l&rsquo;\u00e9quipe de france, champion d&rsquo;Europe. Ce stage co organis\u00e9 par le CD, les clubs de la Vaillante Angers karat\u00e9, ASPC les PONTS DE CE et le KTE Angers se d\u00e9roulera le samedi 27 [&hellip;]<\/p>\n","protected":false},"author":117,"featured_media":3296,"comment_status":"open","ping_status":"open","sticky":false,"template":"","format":"standard","meta":{"footnotes":""},"categories":[1],"tags":[],"class_list":["post-3274","post","type-post","status-publish","format-standard","hentry","category-non-classe"],"_links":{"self":[{"href":"https:\/\/sites.ffkarate.fr\/maineetloire\/wp-json\/wp\/v2\/posts\/3274","targetHints":{"allow":["GET"]}}],"collection":[{"href":"https:\/\/sites.ffkarate.fr\/maineetloire\/wp-json\/wp\/v2\/posts"}],"about":[{"href":"https:\/\/sites.ffkarate.fr\/maineetloire\/wp-json\/wp\/v2\/types\/post"}],"author":[{"embeddable":true,"href":"https:\/\/sites.ffkarate.fr\/maineetloire\/wp-json\/wp\/v2\/users\/117"}],"replies":[{"embeddable":true,"href":"https:\/\/sites.ffkarate.fr\/maineetloire\/wp-json\/wp\/v2\/comments?post=3274"}],"version-history":[{"count":4,"href":"https:\/\/sites.ffkarate.fr\/maineetloire\/wp-json\/wp\/v2\/posts\/3274\/revisions"}],"predecessor-version":[{"id":3297,"href":"https:\/\/sites.ffkarate.fr\/maineetloire\/wp-json\/wp\/v2\/posts\/3274\/revisions\/3297"}],"wp:featuredmedia":[{"embeddable":true,"href":"https:\/\/sites.ffkarate.fr\/maineetloire\/wp-json\/wp\/v2\/media\/3296"}],"wp:attachment":[{"href":"https:\/\/sites.ffkarate.fr\/maineetloire\/wp-json\/wp\/v2\/media?parent=3274"}],"wp:term":[{"taxonomy":"category","embeddable":true,"href":"https:\/\/sites.ffkarate.fr\/maineetloire\/wp-json\/wp\/v2\/categories?post=3274"},{"taxonomy":"post_tag","embeddable":true,"href":"https:\/\/sites.ffkarate.fr\/maineetloire\/wp-json\/wp\/v2\/tags?post=3274"}],"curies":[{"name":"wp","href":"https:\/\/api.w.org\/{rel}","templated":true}]}}