{"id":3327,"date":"2025-10-01T09:06:50","date_gmt":"2025-10-01T07:06:50","guid":{"rendered":"https:\/\/sites.ffkarate.fr\/maineetloire\/?p=3327"},"modified":"2025-10-01T10:28:33","modified_gmt":"2025-10-01T08:28:33","slug":"retour-sur-le-stage-davy-dona","status":"publish","type":"post","link":"https:\/\/sites.ffkarate.fr\/maineetloire\/2025\/10\/01\/retour-sur-le-stage-davy-dona\/","title":{"rendered":"Retour sur le stage Davy DONA"},"content":{"rendered":"<div class=\"wpb-content-wrapper\"><p>[vc_row][vc_column][vc_column_text]Merci \u00e0 tous de votre mobilisation pour ce stage exceptionnel avec l&rsquo;ancien Champion d&rsquo;Europe Davy DONA. Un grand merci aux clubs partenaires du comit\u00e9, l&rsquo;ASPC karat\u00e9, le KTE, la Vaillante Angers karat\u00e9 qui ont co financ\u00e9s la venue de ce grand champion.<\/p>\n<p>Davy DONA a transmis des messages positifs \u00e0 l&rsquo;ensemble des participants rappelant les valeurs du karat\u00e9 do, l&rsquo;engagement et le travail pour arriver \u00e0 des r\u00e9sultats. Merci encore \u00e0 tous<\/p>\n<p><img decoding=\"async\" class=\"alignnone size-medium wp-image-3325\" src=\"https:\/\/sites.ffkarate.fr\/maineetloire\/wp-content\/uploads\/sites\/72\/2025\/10\/556075355_1312616723993533_5144954512772260305_n-300x99.jpg\" alt=\"\" width=\"300\" height=\"99\" srcset=\"https:\/\/sites.ffkarate.fr\/maineetloire\/wp-content\/uploads\/sites\/72\/2025\/10\/556075355_1312616723993533_5144954512772260305_n-300x99.jpg 300w, https:\/\/sites.ffkarate.fr\/maineetloire\/wp-content\/uploads\/sites\/72\/2025\/10\/556075355_1312616723993533_5144954512772260305_n-1024x339.jpg 1024w, https:\/\/sites.ffkarate.fr\/maineetloire\/wp-content\/uploads\/sites\/72\/2025\/10\/556075355_1312616723993533_5144954512772260305_n-768x255.jpg 768w, https:\/\/sites.ffkarate.fr\/maineetloire\/wp-content\/uploads\/sites\/72\/2025\/10\/556075355_1312616723993533_5144954512772260305_n-1536x509.jpg 1536w, https:\/\/sites.ffkarate.fr\/maineetloire\/wp-content\/uploads\/sites\/72\/2025\/10\/556075355_1312616723993533_5144954512772260305_n.jpg 1792w\" sizes=\"(max-width: 300px) 100vw, 300px\" \/><\/p>\n<p>Toutes les photos du stage :<\/p>\n<p>https:\/\/photos.google.com\/share\/AF1QipNb4WgbjDeR44lSabQvJ4W5ZnWFP8hzhVtlUVDy4nJExynhnu82b01NGFzzTybfgw?pli=1&#038;key=MjRERXRtaUx4SFNSYnl2T2x3ZjVXTmo1Z3RsaElB<\/p>\n<p>[\/vc_column_text][\/vc_column][\/vc_row]<\/p>\n<\/div>","protected":false},"excerpt":{"rendered":"<p>[vc_row][vc_column][vc_column_text]Merci \u00e0 tous de votre mobilisation pour ce stage exceptionnel avec l&rsquo;ancien Champion d&rsquo;Europe Davy DONA. Un grand merci aux clubs partenaires du comit\u00e9, l&rsquo;ASPC karat\u00e9, le KTE, la Vaillante Angers karat\u00e9 qui ont co financ\u00e9s la venue de ce grand champion. Davy DONA a transmis des messages positifs \u00e0 l&rsquo;ensemble des participants rappelant les [&hellip;]<\/p>\n","protected":false},"author":117,"featured_media":3326,"comment_status":"open","ping_status":"open","sticky":false,"template":"","format":"standard","meta":{"footnotes":""},"categories":[1],"tags":[],"class_list":["post-3327","post","type-post","status-publish","format-standard","hentry","category-non-classe"],"_links":{"self":[{"href":"https:\/\/sites.ffkarate.fr\/maineetloire\/wp-json\/wp\/v2\/posts\/3327","targetHints":{"allow":["GET"]}}],"collection":[{"href":"https:\/\/sites.ffkarate.fr\/maineetloire\/wp-json\/wp\/v2\/posts"}],"about":[{"href":"https:\/\/sites.ffkarate.fr\/maineetloire\/wp-json\/wp\/v2\/types\/post"}],"author":[{"embeddable":true,"href":"https:\/\/sites.ffkarate.fr\/maineetloire\/wp-json\/wp\/v2\/users\/117"}],"replies":[{"embeddable":true,"href":"https:\/\/sites.ffkarate.fr\/maineetloire\/wp-json\/wp\/v2\/comments?post=3327"}],"version-history":[{"count":3,"href":"https:\/\/sites.ffkarate.fr\/maineetloire\/wp-json\/wp\/v2\/posts\/3327\/revisions"}],"predecessor-version":[{"id":3346,"href":"https:\/\/sites.ffkarate.fr\/maineetloire\/wp-json\/wp\/v2\/posts\/3327\/revisions\/3346"}],"wp:featuredmedia":[{"embeddable":true,"href":"https:\/\/sites.ffkarate.fr\/maineetloire\/wp-json\/wp\/v2\/media\/3326"}],"wp:attachment":[{"href":"https:\/\/sites.ffkarate.fr\/maineetloire\/wp-json\/wp\/v2\/media?parent=3327"}],"wp:term":[{"taxonomy":"category","embeddable":true,"href":"https:\/\/sites.ffkarate.fr\/maineetloire\/wp-json\/wp\/v2\/categories?post=3327"},{"taxonomy":"post_tag","embeddable":true,"href":"https:\/\/sites.ffkarate.fr\/maineetloire\/wp-json\/wp\/v2\/tags?post=3327"}],"curies":[{"name":"wp","href":"https:\/\/api.w.org\/{rel}","templated":true}]}}