{"id":3351,"date":"2025-10-08T09:00:37","date_gmt":"2025-10-08T07:00:37","guid":{"rendered":"https:\/\/sites.ffkarate.fr\/maineetloire\/?p=3351"},"modified":"2025-10-08T09:00:37","modified_gmt":"2025-10-08T07:00:37","slug":"stage-jurys-grades-16-11-2025","status":"publish","type":"post","link":"https:\/\/sites.ffkarate.fr\/maineetloire\/2025\/10\/08\/stage-jurys-grades-16-11-2025\/","title":{"rendered":"Stage JURYS grades 16.11.2025"},"content":{"rendered":"<div class=\"wpb-content-wrapper\"><p>[vc_row][vc_column][vc_column_text]Nous vous informons du stage JURYS grades qui aura lieu le DIMANCHE 16 NOVEMBRE \u00e0 Avrill\u00e9 de 9h00 \u00e0 10h00. Ce temps sera suivi d&rsquo;un stage encadr\u00e9 par le DTD Eric GARNIER 8\u00e8me dan. Ce stage concerne les membres du jurys karat\u00e9 des grades 1er, 2\u00e8me; 3\u00e8me et 4\u00e8me dan.<\/p>\n<p><a href=\"https:\/\/sites.ffkarate.fr\/maineetloire\/wp-content\/uploads\/sites\/72\/2025\/10\/Stage-JURYS-16.11.2025.pdf\">Stage JURYS 16.11.2025<\/a><\/p>\n<p><img decoding=\"async\" class=\"alignnone size-medium wp-image-3350\" src=\"https:\/\/sites.ffkarate.fr\/maineetloire\/wp-content\/uploads\/sites\/72\/2025\/10\/Stage-JURYS-16.11.2025-212x300.png\" alt=\"\" width=\"212\" height=\"300\" srcset=\"https:\/\/sites.ffkarate.fr\/maineetloire\/wp-content\/uploads\/sites\/72\/2025\/10\/Stage-JURYS-16.11.2025-212x300.png 212w, https:\/\/sites.ffkarate.fr\/maineetloire\/wp-content\/uploads\/sites\/72\/2025\/10\/Stage-JURYS-16.11.2025.png 560w\" sizes=\"(max-width: 212px) 100vw, 212px\" \/>[\/vc_column_text][\/vc_column][\/vc_row]<\/p>\n<\/div>","protected":false},"excerpt":{"rendered":"<p>[vc_row][vc_column][vc_column_text]Nous vous informons du stage JURYS grades qui aura lieu le DIMANCHE 16 NOVEMBRE \u00e0 Avrill\u00e9 de 9h00 \u00e0 10h00. Ce temps sera suivi d&rsquo;un stage encadr\u00e9 par le DTD Eric GARNIER 8\u00e8me dan. Ce stage concerne les membres du jurys karat\u00e9 des grades 1er, 2\u00e8me; 3\u00e8me et 4\u00e8me dan. Stage JURYS 16.11.2025 [\/vc_column_text][\/vc_column][\/vc_row]<\/p>\n","protected":false},"author":117,"featured_media":3350,"comment_status":"open","ping_status":"open","sticky":false,"template":"","format":"standard","meta":{"footnotes":""},"categories":[1],"tags":[],"class_list":["post-3351","post","type-post","status-publish","format-standard","hentry","category-non-classe"],"_links":{"self":[{"href":"https:\/\/sites.ffkarate.fr\/maineetloire\/wp-json\/wp\/v2\/posts\/3351","targetHints":{"allow":["GET"]}}],"collection":[{"href":"https:\/\/sites.ffkarate.fr\/maineetloire\/wp-json\/wp\/v2\/posts"}],"about":[{"href":"https:\/\/sites.ffkarate.fr\/maineetloire\/wp-json\/wp\/v2\/types\/post"}],"author":[{"embeddable":true,"href":"https:\/\/sites.ffkarate.fr\/maineetloire\/wp-json\/wp\/v2\/users\/117"}],"replies":[{"embeddable":true,"href":"https:\/\/sites.ffkarate.fr\/maineetloire\/wp-json\/wp\/v2\/comments?post=3351"}],"version-history":[{"count":2,"href":"https:\/\/sites.ffkarate.fr\/maineetloire\/wp-json\/wp\/v2\/posts\/3351\/revisions"}],"predecessor-version":[{"id":3353,"href":"https:\/\/sites.ffkarate.fr\/maineetloire\/wp-json\/wp\/v2\/posts\/3351\/revisions\/3353"}],"wp:featuredmedia":[{"embeddable":true,"href":"https:\/\/sites.ffkarate.fr\/maineetloire\/wp-json\/wp\/v2\/media\/3350"}],"wp:attachment":[{"href":"https:\/\/sites.ffkarate.fr\/maineetloire\/wp-json\/wp\/v2\/media?parent=3351"}],"wp:term":[{"taxonomy":"category","embeddable":true,"href":"https:\/\/sites.ffkarate.fr\/maineetloire\/wp-json\/wp\/v2\/categories?post=3351"},{"taxonomy":"post_tag","embeddable":true,"href":"https:\/\/sites.ffkarate.fr\/maineetloire\/wp-json\/wp\/v2\/tags?post=3351"}],"curies":[{"name":"wp","href":"https:\/\/api.w.org\/{rel}","templated":true}]}}