{"id":3363,"date":"2025-10-15T10:38:56","date_gmt":"2025-10-15T08:38:56","guid":{"rendered":"https:\/\/sites.ffkarate.fr\/maineetloire\/?p=3363"},"modified":"2025-10-15T11:50:53","modified_gmt":"2025-10-15T09:50:53","slug":"retour-sur-le-premier-combine-departemental","status":"publish","type":"post","link":"https:\/\/sites.ffkarate.fr\/maineetloire\/2025\/10\/15\/retour-sur-le-premier-combine-departemental\/","title":{"rendered":"Retour sur le premier combin\u00e9 d\u00e9partemental"},"content":{"rendered":"<div class=\"wpb-content-wrapper\"><p>[vc_row][vc_column][vc_column_text]Le dimanche 12 octobre dernier s&rsquo;est tenu le premier combin\u00e9 jeunes kata\/kumit\u00e9 de la cat\u00e9gorie pupilles \u00e0 cadets. Pour cette premi\u00e8re \u00e9dition ce fut une belle r\u00e9ussite puisque plus de 80 participants \u00e9taient pr\u00e9sents repr\u00e9sentants 9 clubs du d\u00e9partement. Les jeunes ont pu s&rsquo;exp\u00e9rimenter en kata comme en combat. Merci aux clubs qui se sont mobilis\u00e9s pour cette premi\u00e8re, le rendez vous est pris pour une seconde \u00e9dition la saison prochaine.<\/p>\n<p>Photos et vid\u00e9os du combin\u00e9 :<\/p>\n<p><img decoding=\"async\" class=\"alignnone size-full wp-image-3357\" src=\"https:\/\/sites.ffkarate.fr\/maineetloire\/wp-content\/uploads\/sites\/72\/2025\/10\/QRCode-photos-combie-.png\" alt=\"\" width=\"208\" height=\"215\" \/>[\/vc_column_text][\/vc_column][\/vc_row][vc_row][vc_column][vc_column_text]Le dimanche 12 octobre dernier s&rsquo;est tenu le premier combin\u00e9 jeunes kata\/kumit\u00e9 de la cat\u00e9gorie pupilles \u00e0 cadets. Pour cette premi\u00e8re \u00e9dition ce fut une belle r\u00e9ussite puisque plus de 80 participants \u00e9taient pr\u00e9sents repr\u00e9sentants 9 clubs du d\u00e9partement. Les jeunes ont pu s&rsquo;exp\u00e9rimenter en kata comme en combat. Merci aux clubs qui se sont mobilis\u00e9s pour cette premi\u00e8re, le rendez vous est pris pour une seconde \u00e9dition la saison prochaine.<\/p>\n<p>Photos et vid\u00e9os du combin\u00e9 :<\/p>\n<p><img decoding=\"async\" class=\"alignnone size-full wp-image-3357\" src=\"https:\/\/sites.ffkarate.fr\/maineetloire\/wp-content\/uploads\/sites\/72\/2025\/10\/QRCode-photos-combie-.png\" alt=\"\" width=\"208\" height=\"215\" \/>[\/vc_column_text][\/vc_column][\/vc_row]<\/p>\n<\/div>","protected":false},"excerpt":{"rendered":"<p>[vc_row][vc_column][vc_column_text]Le dimanche 12 octobre dernier s&rsquo;est tenu le premier combin\u00e9 jeunes kata\/kumit\u00e9 de la cat\u00e9gorie pupilles \u00e0 cadets. Pour cette premi\u00e8re \u00e9dition ce fut une belle r\u00e9ussite puisque plus de 80 participants \u00e9taient pr\u00e9sents repr\u00e9sentants 9 clubs du d\u00e9partement. Les jeunes ont pu s&rsquo;exp\u00e9rimenter en kata comme en combat. Merci aux clubs qui se sont [&hellip;]<\/p>\n","protected":false},"author":117,"featured_media":3362,"comment_status":"open","ping_status":"open","sticky":false,"template":"","format":"standard","meta":{"footnotes":""},"categories":[1],"tags":[],"class_list":["post-3363","post","type-post","status-publish","format-standard","hentry","category-non-classe"],"_links":{"self":[{"href":"https:\/\/sites.ffkarate.fr\/maineetloire\/wp-json\/wp\/v2\/posts\/3363","targetHints":{"allow":["GET"]}}],"collection":[{"href":"https:\/\/sites.ffkarate.fr\/maineetloire\/wp-json\/wp\/v2\/posts"}],"about":[{"href":"https:\/\/sites.ffkarate.fr\/maineetloire\/wp-json\/wp\/v2\/types\/post"}],"author":[{"embeddable":true,"href":"https:\/\/sites.ffkarate.fr\/maineetloire\/wp-json\/wp\/v2\/users\/117"}],"replies":[{"embeddable":true,"href":"https:\/\/sites.ffkarate.fr\/maineetloire\/wp-json\/wp\/v2\/comments?post=3363"}],"version-history":[{"count":5,"href":"https:\/\/sites.ffkarate.fr\/maineetloire\/wp-json\/wp\/v2\/posts\/3363\/revisions"}],"predecessor-version":[{"id":3368,"href":"https:\/\/sites.ffkarate.fr\/maineetloire\/wp-json\/wp\/v2\/posts\/3363\/revisions\/3368"}],"wp:featuredmedia":[{"embeddable":true,"href":"https:\/\/sites.ffkarate.fr\/maineetloire\/wp-json\/wp\/v2\/media\/3362"}],"wp:attachment":[{"href":"https:\/\/sites.ffkarate.fr\/maineetloire\/wp-json\/wp\/v2\/media?parent=3363"}],"wp:term":[{"taxonomy":"category","embeddable":true,"href":"https:\/\/sites.ffkarate.fr\/maineetloire\/wp-json\/wp\/v2\/categories?post=3363"},{"taxonomy":"post_tag","embeddable":true,"href":"https:\/\/sites.ffkarate.fr\/maineetloire\/wp-json\/wp\/v2\/tags?post=3363"}],"curies":[{"name":"wp","href":"https:\/\/api.w.org\/{rel}","templated":true}]}}