{"id":3560,"date":"2026-04-29T11:58:30","date_gmt":"2026-04-29T09:58:30","guid":{"rendered":"https:\/\/sites.ffkarate.fr\/maineetloire\/?p=3560"},"modified":"2026-04-29T11:58:30","modified_gmt":"2026-04-29T09:58:30","slug":"stage-fin-de-saison-14-06-2026","status":"publish","type":"post","link":"https:\/\/sites.ffkarate.fr\/maineetloire\/2026\/04\/29\/stage-fin-de-saison-14-06-2026\/","title":{"rendered":"Stage fin de saison 14.06.2026"},"content":{"rendered":"<div class=\"wpb-content-wrapper\"><p>[vc_row][vc_column][vc_column_text]<\/p>\n<p>I am text block. Click edit button to change this text. Lorem ipsum dolor sit amet, consectetur adipiscing elit. Ut elit tellus, luctus nec ullamcorper mattis, pulvinar dapibus leo.<\/p>\n<p>[\/vc_column_text][\/vc_column][\/vc_row][vc_row][vc_column][vc_column_text]Le comit\u00e9 d\u00e9partemental organise la dimanche 14 juin un stage de fin de saison pluridisciplinaire (Krav Maga, full contact et karat\u00e9). Ce stage aura lieu \u00e0 Angers au dojo r\u00e9gional de Judo (Secteur Lac de Maine) de 9h30 \u00e0 12h00. Nous comptons vivement sur votre pr\u00e9sence pour cet \u00e9v\u00e8nement qui marquera cette saison 2025\/2026.<\/p>\n<p><img decoding=\"async\" class=\"alignnone size-medium wp-image-3561\" src=\"https:\/\/sites.ffkarate.fr\/maineetloire\/wp-content\/uploads\/sites\/72\/2026\/04\/Stage-fin-de-saison-14.06.2026-212x300.png\" alt=\"\" width=\"212\" height=\"300\" srcset=\"https:\/\/sites.ffkarate.fr\/maineetloire\/wp-content\/uploads\/sites\/72\/2026\/04\/Stage-fin-de-saison-14.06.2026-212x300.png 212w, https:\/\/sites.ffkarate.fr\/maineetloire\/wp-content\/uploads\/sites\/72\/2026\/04\/Stage-fin-de-saison-14.06.2026.png 563w\" sizes=\"(max-width: 212px) 100vw, 212px\" \/><\/p>\n<p><a href=\"https:\/\/sites.ffkarate.fr\/maineetloire\/wp-content\/uploads\/sites\/72\/2026\/04\/Stage-fin-de-saison-14.06.2026.pdf\">Stage fin de saison 14.06.2026<\/a>[\/vc_column_text][\/vc_column][\/vc_row]<\/p>\n<\/div>","protected":false},"excerpt":{"rendered":"<p>[vc_row][vc_column][vc_column_text] I am text block. Click edit button to change this text. Lorem ipsum dolor sit amet, consectetur adipiscing elit. Ut elit tellus, luctus nec ullamcorper mattis, pulvinar dapibus leo. [\/vc_column_text][\/vc_column][\/vc_row][vc_row][vc_column][vc_column_text]Le comit\u00e9 d\u00e9partemental organise la dimanche 14 juin un stage de fin de saison pluridisciplinaire (Krav Maga, full contact et karat\u00e9). Ce stage aura lieu [&hellip;]<\/p>\n","protected":false},"author":117,"featured_media":3561,"comment_status":"open","ping_status":"open","sticky":false,"template":"","format":"standard","meta":{"footnotes":""},"categories":[1,19],"tags":[],"class_list":["post-3560","post","type-post","status-publish","format-standard","hentry","category-non-classe","category-stages"],"_links":{"self":[{"href":"https:\/\/sites.ffkarate.fr\/maineetloire\/wp-json\/wp\/v2\/posts\/3560","targetHints":{"allow":["GET"]}}],"collection":[{"href":"https:\/\/sites.ffkarate.fr\/maineetloire\/wp-json\/wp\/v2\/posts"}],"about":[{"href":"https:\/\/sites.ffkarate.fr\/maineetloire\/wp-json\/wp\/v2\/types\/post"}],"author":[{"embeddable":true,"href":"https:\/\/sites.ffkarate.fr\/maineetloire\/wp-json\/wp\/v2\/users\/117"}],"replies":[{"embeddable":true,"href":"https:\/\/sites.ffkarate.fr\/maineetloire\/wp-json\/wp\/v2\/comments?post=3560"}],"version-history":[{"count":1,"href":"https:\/\/sites.ffkarate.fr\/maineetloire\/wp-json\/wp\/v2\/posts\/3560\/revisions"}],"predecessor-version":[{"id":3563,"href":"https:\/\/sites.ffkarate.fr\/maineetloire\/wp-json\/wp\/v2\/posts\/3560\/revisions\/3563"}],"wp:featuredmedia":[{"embeddable":true,"href":"https:\/\/sites.ffkarate.fr\/maineetloire\/wp-json\/wp\/v2\/media\/3561"}],"wp:attachment":[{"href":"https:\/\/sites.ffkarate.fr\/maineetloire\/wp-json\/wp\/v2\/media?parent=3560"}],"wp:term":[{"taxonomy":"category","embeddable":true,"href":"https:\/\/sites.ffkarate.fr\/maineetloire\/wp-json\/wp\/v2\/categories?post=3560"},{"taxonomy":"post_tag","embeddable":true,"href":"https:\/\/sites.ffkarate.fr\/maineetloire\/wp-json\/wp\/v2\/tags?post=3560"}],"curies":[{"name":"wp","href":"https:\/\/api.w.org\/{rel}","templated":true}]}}