{"id":3567,"date":"2026-04-29T12:07:05","date_gmt":"2026-04-29T10:07:05","guid":{"rendered":"https:\/\/sites.ffkarate.fr\/maineetloire\/?p=3567"},"modified":"2026-04-29T12:09:20","modified_gmt":"2026-04-29T10:09:20","slug":"examen-de-grades-13-06-2026","status":"publish","type":"post","link":"https:\/\/sites.ffkarate.fr\/maineetloire\/2026\/04\/29\/examen-de-grades-13-06-2026\/","title":{"rendered":"EXAMEN DE GRADES 13.06.2026"},"content":{"rendered":"<div class=\"wpb-content-wrapper\"><p>[vc_row][vc_column][vc_column_text]Le comit\u00e9 d\u00e9partemental organise son second examen de grades qui aura lieu \u00e0 Montreuil Bellay le samedi 13 juin 2026. Cet examen concerne les candidats du 1er au 4eme dan karat\u00e9. Les dossiers d&rsquo;inscriptions sont \u00e0 retourner au responsable des grades avec le 13 mais dernier d\u00e9lai. Bonne pr\u00e9paration \u00e0 tous<\/p>\n<p><a href=\"https:\/\/sites.ffkarate.fr\/maineetloire\/wp-content\/uploads\/sites\/72\/2026\/04\/Examen-des-grades-13.06.2026.pdf\">Examen des grades 13.06.2026<\/a><\/p>\n<p><img decoding=\"async\" class=\"alignnone size-medium wp-image-3570\" src=\"https:\/\/sites.ffkarate.fr\/maineetloire\/wp-content\/uploads\/sites\/72\/2026\/04\/EXAMEN-DES-GRADES-KARATE-13.06.2026-210x300.png\" alt=\"\" width=\"210\" height=\"300\" srcset=\"https:\/\/sites.ffkarate.fr\/maineetloire\/wp-content\/uploads\/sites\/72\/2026\/04\/EXAMEN-DES-GRADES-KARATE-13.06.2026-210x300.png 210w, https:\/\/sites.ffkarate.fr\/maineetloire\/wp-content\/uploads\/sites\/72\/2026\/04\/EXAMEN-DES-GRADES-KARATE-13.06.2026.png 562w\" sizes=\"(max-width: 210px) 100vw, 210px\" \/>[\/vc_column_text][\/vc_column][\/vc_row]<\/p>\n<\/div>","protected":false},"excerpt":{"rendered":"<p>[vc_row][vc_column][vc_column_text]Le comit\u00e9 d\u00e9partemental organise son second examen de grades qui aura lieu \u00e0 Montreuil Bellay le samedi 13 juin 2026. Cet examen concerne les candidats du 1er au 4eme dan karat\u00e9. Les dossiers d&rsquo;inscriptions sont \u00e0 retourner au responsable des grades avec le 13 mais dernier d\u00e9lai. Bonne pr\u00e9paration \u00e0 tous Examen des grades 13.06.2026 [&hellip;]<\/p>\n","protected":false},"author":117,"featured_media":3570,"comment_status":"open","ping_status":"open","sticky":false,"template":"","format":"standard","meta":{"footnotes":""},"categories":[1],"tags":[],"class_list":["post-3567","post","type-post","status-publish","format-standard","hentry","category-non-classe"],"_links":{"self":[{"href":"https:\/\/sites.ffkarate.fr\/maineetloire\/wp-json\/wp\/v2\/posts\/3567","targetHints":{"allow":["GET"]}}],"collection":[{"href":"https:\/\/sites.ffkarate.fr\/maineetloire\/wp-json\/wp\/v2\/posts"}],"about":[{"href":"https:\/\/sites.ffkarate.fr\/maineetloire\/wp-json\/wp\/v2\/types\/post"}],"author":[{"embeddable":true,"href":"https:\/\/sites.ffkarate.fr\/maineetloire\/wp-json\/wp\/v2\/users\/117"}],"replies":[{"embeddable":true,"href":"https:\/\/sites.ffkarate.fr\/maineetloire\/wp-json\/wp\/v2\/comments?post=3567"}],"version-history":[{"count":3,"href":"https:\/\/sites.ffkarate.fr\/maineetloire\/wp-json\/wp\/v2\/posts\/3567\/revisions"}],"predecessor-version":[{"id":3571,"href":"https:\/\/sites.ffkarate.fr\/maineetloire\/wp-json\/wp\/v2\/posts\/3567\/revisions\/3571"}],"wp:featuredmedia":[{"embeddable":true,"href":"https:\/\/sites.ffkarate.fr\/maineetloire\/wp-json\/wp\/v2\/media\/3570"}],"wp:attachment":[{"href":"https:\/\/sites.ffkarate.fr\/maineetloire\/wp-json\/wp\/v2\/media?parent=3567"}],"wp:term":[{"taxonomy":"category","embeddable":true,"href":"https:\/\/sites.ffkarate.fr\/maineetloire\/wp-json\/wp\/v2\/categories?post=3567"},{"taxonomy":"post_tag","embeddable":true,"href":"https:\/\/sites.ffkarate.fr\/maineetloire\/wp-json\/wp\/v2\/tags?post=3567"}],"curies":[{"name":"wp","href":"https:\/\/api.w.org\/{rel}","templated":true}]}}