{"id":3623,"date":"2026-09-02T08:09:40","date_gmt":"2026-09-02T06:09:40","guid":{"rendered":"https:\/\/sites.ffkarate.fr\/maineetloire\/?p=3623"},"modified":"2026-09-02T08:09:40","modified_gmt":"2026-09-02T06:09:40","slug":"lancement-pass-sport-2026-2027","status":"publish","type":"post","link":"https:\/\/sites.ffkarate.fr\/maineetloire\/2026\/09\/02\/lancement-pass-sport-2026-2027\/","title":{"rendered":"Lancement Pass sport 2026-2027"},"content":{"rendered":"<div class=\"wpb-content-wrapper\"><p>[vc_row][vc_column][vc_column_text]Madame, Monsieur,<\/p>\n<p>Dans le cadre du lancement de la nouvelle saison sportive 2026-2027, nous vous prions de trouver ci-dessous les modalit\u00e9s relatives au dispositif\u00a0<b>pass Sport<\/b>\u00a0afin de pouvoir les\u00a0<b>relayer aupr\u00e8s des comit\u00e9s d\u00e9partementaux, des clubs et aux diff\u00e9rents acteurs de votre r\u00e9seau.<\/b><\/p>\n<p>Le\u00a0<b>pass Sport<\/b>\u00a0est une aide financi\u00e8re du minist\u00e8re charg\u00e9 des Sports sous la forme d&rsquo;une\u00a0<b>r\u00e9duction imm\u00e9diate de 50 \u20ac<\/b>\u00a0sur les frais d&rsquo;inscription (licence ou abonnement) dans un club, une association sportive ou une salle de sport partenaire.<\/p>\n<p>Son objectif est de lever les freins financiers, sociaux ou li\u00e9s au handicap et de faciliter l&rsquo;acc\u00e8s \u00e0 une pratique sportive encadr\u00e9e et s\u00e9curis\u00e9e.<\/p>\n<p><b><br \/>\nB\u00e9n\u00e9ficiaires du pass Sport<\/b><\/p>\n<ul type=\"disc\">\n<li><b>Jeunes de 6 \u00e0 17 ans r\u00e9volus<\/b>\u00a0: foyers allocataires (CAF ou MSA) ayant un quotient familial inf\u00e9rieur ou \u00e9gal \u00e0 699 \u20ac.<\/li>\n<li><b>Jeunes en situation de handicap<\/b>\u00a0:<\/li>\n<li>\n<ul type=\"circle\">\n<li>De 6 \u00e0 19 ans r\u00e9volus b\u00e9n\u00e9ficiant de l&rsquo;AEEH.<\/li>\n<li>De 16 \u00e0 30 ans r\u00e9volus b\u00e9n\u00e9ficiant de l&rsquo;AAH.<\/li>\n<\/ul>\n<\/li>\n<li><b>\u00c9tudiants boursiers jusqu&rsquo;\u00e0 28 ans r\u00e9volus<\/b>\u00a0(bourse attribu\u00e9e avant le 15 octobre 2026) :<\/li>\n<li>\n<ul type=\"circle\">\n<li>Boursiers du CROUS (y compris aide annuelle).<\/li>\n<li>Boursiers r\u00e9gionaux pour des formations sanitaires et sociales.<\/li>\n<\/ul>\n<\/li>\n<\/ul>\n<p><b>Modalit\u00e9s de r\u00e9ception et d&rsquo;utilisation<\/b><\/p>\n<ul type=\"disc\">\n<li><b>R\u00e9ception du code :<\/b>\u00a0Les b\u00e9n\u00e9ficiaires recevront leur code pass Sport individuel par courriel \u00e0 la\u00a0<b>mi-septembre 2026<\/b>\u00a0(un courriel distinct est envoy\u00e9 pour chaque enfant \u00e9ligible d&rsquo;une m\u00eame famille).<\/li>\n<li><b>Utilisation :<\/b>\u00a0Le b\u00e9n\u00e9ficiaire pr\u00e9sente son code lors de l&rsquo;inscription. Le club partenaire d\u00e9duit directement les 50 \u20ac du montant de l&rsquo;inscription.<\/li>\n<li><b>P\u00e9riode de validit\u00e9 :<\/b>\u00a0Du\u00a0<b>1er septembre au 31 d\u00e9cembre 2026<\/b>.<\/li>\n<\/ul>\n<div>\n<p>En cas de sollicitation, vous pouvez transmettre notre adresse mail afin que nous puissions renseigner directement les usagers ou partenaires :<span id=\"m_-7276459571214823033m_-5482237955964258514OBJ_PREFIX_DWT3103_ZmEmailObjectHandler_oo_editor_Editor_6_sandBox\"><span id=\"m_-7276459571214823033m_-5482237955964258514OBJ_PREFIX_DWT3471_ZmEmailObjectHandler_oo_editor_Editor_6_sandBox\"><span id=\"m_-7276459571214823033m_-5482237955964258514OBJ_PREFIX_DWT3475_ZmEmailObjectHandler_oo_editor_Editor_6_sandBox\"><a href=\"mailto:passport.pdl@ac-nantes.fr\" target=\"_blank\" rel=\"noopener\">passport.pdl@ac-nantes.fr<\/a><\/span><\/span><\/span><\/p>\n<\/div>\n<p>Restant \u00e0 votre disposition pour tout renseignement compl\u00e9mentaire,<\/p>\n<p>Bien cordialement,<\/p>\n<p><strong>\u00c9quipe pass Sport des Pays de la Loire<\/strong>[\/vc_column_text][\/vc_column][\/vc_row]<\/p>\n<\/div>","protected":false},"excerpt":{"rendered":"<p>[vc_row][vc_column][vc_column_text]Madame, Monsieur, Dans le cadre du lancement de la nouvelle saison sportive 2026-2027, nous vous prions de trouver ci-dessous les modalit\u00e9s relatives au dispositif\u00a0pass Sport\u00a0afin de pouvoir les\u00a0relayer aupr\u00e8s des comit\u00e9s d\u00e9partementaux, des clubs et aux diff\u00e9rents acteurs de votre r\u00e9seau. Le\u00a0pass Sport\u00a0est une aide financi\u00e8re du minist\u00e8re charg\u00e9 des Sports sous la forme d&rsquo;une\u00a0r\u00e9duction [&hellip;]<\/p>\n","protected":false},"author":117,"featured_media":3622,"comment_status":"open","ping_status":"open","sticky":false,"template":"","format":"standard","meta":{"footnotes":""},"categories":[1],"tags":[],"class_list":["post-3623","post","type-post","status-publish","format-standard","hentry","category-non-classe"],"_links":{"self":[{"href":"https:\/\/sites.ffkarate.fr\/maineetloire\/wp-json\/wp\/v2\/posts\/3623","targetHints":{"allow":["GET"]}}],"collection":[{"href":"https:\/\/sites.ffkarate.fr\/maineetloire\/wp-json\/wp\/v2\/posts"}],"about":[{"href":"https:\/\/sites.ffkarate.fr\/maineetloire\/wp-json\/wp\/v2\/types\/post"}],"author":[{"embeddable":true,"href":"https:\/\/sites.ffkarate.fr\/maineetloire\/wp-json\/wp\/v2\/users\/117"}],"replies":[{"embeddable":true,"href":"https:\/\/sites.ffkarate.fr\/maineetloire\/wp-json\/wp\/v2\/comments?post=3623"}],"version-history":[{"count":2,"href":"https:\/\/sites.ffkarate.fr\/maineetloire\/wp-json\/wp\/v2\/posts\/3623\/revisions"}],"predecessor-version":[{"id":3625,"href":"https:\/\/sites.ffkarate.fr\/maineetloire\/wp-json\/wp\/v2\/posts\/3623\/revisions\/3625"}],"wp:featuredmedia":[{"embeddable":true,"href":"https:\/\/sites.ffkarate.fr\/maineetloire\/wp-json\/wp\/v2\/media\/3622"}],"wp:attachment":[{"href":"https:\/\/sites.ffkarate.fr\/maineetloire\/wp-json\/wp\/v2\/media?parent=3623"}],"wp:term":[{"taxonomy":"category","embeddable":true,"href":"https:\/\/sites.ffkarate.fr\/maineetloire\/wp-json\/wp\/v2\/categories?post=3623"},{"taxonomy":"post_tag","embeddable":true,"href":"https:\/\/sites.ffkarate.fr\/maineetloire\/wp-json\/wp\/v2\/tags?post=3623"}],"curies":[{"name":"wp","href":"https:\/\/api.w.org\/{rel}","templated":true}]}}