{"id":4918,"date":"2025-02-10T19:23:20","date_gmt":"2025-02-10T18:23:20","guid":{"rendered":"https:\/\/sites.ffkarate.fr\/meuse\/?p=4918"},"modified":"2025-02-10T19:23:20","modified_gmt":"2025-02-10T18:23:20","slug":"%f0%9f%8e%93-formation-afa-8-mars-2025-a-sampigny","status":"publish","type":"post","link":"https:\/\/sites.ffkarate.fr\/meuse\/2025\/02\/10\/%f0%9f%8e%93-formation-afa-8-mars-2025-a-sampigny\/","title":{"rendered":"\ud83c\udf93 Formation AFA \u2013 8 mars 2025 \u00e0 Sampigny"},"content":{"rendered":"<div class=\"wpb-content-wrapper\"><p>[vc_row][vc_column][vc_column_text]\ud83d\udcdd <strong>Rappel : Inscriptions ouvertes jusqu\u2019au 1er mars 2025 !<\/strong><\/p>\n<p>Tu veux t\u2019investir dans ton club et accompagner les plus jeunes ? L\u2019<strong>Attestation F\u00e9d\u00e9rale d\u2019Assistant (AFA)<\/strong> est une premi\u00e8re \u00e9tape essentielle pour encadrer et transmettre ta passion. Elle est aussi n\u00e9cessaire pour devenir <strong>Jeune Coach<\/strong> !<\/p>\n<p>\ud83d\udcc5 <strong>Date de l\u2019examen :<\/strong> 8 mars 2025<br \/>\n\ud83d\udccd <strong>Lieu :<\/strong> Sampigny<\/p>\n<p>\u2705 <strong>Conditions d\u2019acc\u00e8s :<\/strong><br \/>\n\u2714\ufe0f Avoir <strong>14 ans<\/strong> minimum<br \/>\n\u2714\ufe0f \u00catre <strong>ceinture marron<\/strong><br \/>\n\u2714\ufe0f Avoir <strong>2 timbres de licence<\/strong> (dont celui de cette saison)<\/p>\n<p>\u23f3 <strong>Ne tarde pas, la date limite est le 1er mars 2025 !<\/strong>[\/vc_column_text][\/vc_column][\/vc_row]<\/p>\n<\/div>","protected":false},"excerpt":{"rendered":"<p>[vc_row][vc_column][vc_column_text]\ud83d\udcdd Rappel : Inscriptions ouvertes jusqu\u2019au 1er mars 2025 ! Tu veux t\u2019investir dans ton club et accompagner les plus jeunes ? L\u2019Attestation F\u00e9d\u00e9rale d\u2019Assistant (AFA) est une premi\u00e8re \u00e9tape essentielle pour encadrer et transmettre ta passion. Elle est aussi n\u00e9cessaire pour devenir Jeune Coach ! \ud83d\udcc5 Date de l\u2019examen : 8 mars 2025 \ud83d\udccd [&hellip;]<\/p>\n","protected":false},"author":123,"featured_media":4480,"comment_status":"closed","ping_status":"closed","sticky":false,"template":"","format":"standard","meta":{"footnotes":""},"categories":[5,11],"tags":[],"class_list":["post-4918","post","type-post","status-publish","format-standard","hentry","category-actualites","category-formations"],"_links":{"self":[{"href":"https:\/\/sites.ffkarate.fr\/meuse\/wp-json\/wp\/v2\/posts\/4918","targetHints":{"allow":["GET"]}}],"collection":[{"href":"https:\/\/sites.ffkarate.fr\/meuse\/wp-json\/wp\/v2\/posts"}],"about":[{"href":"https:\/\/sites.ffkarate.fr\/meuse\/wp-json\/wp\/v2\/types\/post"}],"author":[{"embeddable":true,"href":"https:\/\/sites.ffkarate.fr\/meuse\/wp-json\/wp\/v2\/users\/123"}],"replies":[{"embeddable":true,"href":"https:\/\/sites.ffkarate.fr\/meuse\/wp-json\/wp\/v2\/comments?post=4918"}],"version-history":[{"count":1,"href":"https:\/\/sites.ffkarate.fr\/meuse\/wp-json\/wp\/v2\/posts\/4918\/revisions"}],"predecessor-version":[{"id":4919,"href":"https:\/\/sites.ffkarate.fr\/meuse\/wp-json\/wp\/v2\/posts\/4918\/revisions\/4919"}],"wp:featuredmedia":[{"embeddable":true,"href":"https:\/\/sites.ffkarate.fr\/meuse\/wp-json\/wp\/v2\/media\/4480"}],"wp:attachment":[{"href":"https:\/\/sites.ffkarate.fr\/meuse\/wp-json\/wp\/v2\/media?parent=4918"}],"wp:term":[{"taxonomy":"category","embeddable":true,"href":"https:\/\/sites.ffkarate.fr\/meuse\/wp-json\/wp\/v2\/categories?post=4918"},{"taxonomy":"post_tag","embeddable":true,"href":"https:\/\/sites.ffkarate.fr\/meuse\/wp-json\/wp\/v2\/tags?post=4918"}],"curies":[{"name":"wp","href":"https:\/\/api.w.org\/{rel}","templated":true}]}}