{"id":4996,"date":"2025-03-10T18:27:46","date_gmt":"2025-03-10T17:27:46","guid":{"rendered":"https:\/\/sites.ffkarate.fr\/meuse\/?p=4996"},"modified":"2025-03-10T18:27:53","modified_gmt":"2025-03-10T17:27:53","slug":"%f0%9f%87%ab%f0%9f%87%b7-une-nouvelle-championne-de-france-%f0%9f%87%ab%f0%9f%87%b7","status":"publish","type":"post","link":"https:\/\/sites.ffkarate.fr\/meuse\/2025\/03\/10\/%f0%9f%87%ab%f0%9f%87%b7-une-nouvelle-championne-de-france-%f0%9f%87%ab%f0%9f%87%b7\/","title":{"rendered":"\ud83c\uddeb\ud83c\uddf7 UNE NOUVELLE CHAMPIONNE DE FRANCE ! \ud83c\uddeb\ud83c\uddf7"},"content":{"rendered":"<div class=\"wpb-content-wrapper\"><p>[vc_row][vc_column][vc_column_text]<\/p>\n<p data-start=\"1644\" data-end=\"1843\">Ce dimanche, lors du <strong data-start=\"1665\" data-end=\"1705\">Championnat de France de Para-Karat\u00e9<\/strong> \u00e0 <strong data-start=\"1708\" data-end=\"1731\">Villebon-sur-Yvette<\/strong> , <strong data-start=\"1733\" data-end=\"1744\">M\u00e9lanie<\/strong> a brill\u00e9 en remportant le <strong data-start=\"1771\" data-end=\"1789\">titre national<\/strong> dans la cat\u00e9gorie <strong data-start=\"1808\" data-end=\"1836\">Senior \u2013 Handicap Visuel<\/strong> ! \ud83e\udd47<\/p>\n<p data-start=\"1845\" data-end=\"2011\">Cette victoire est le fruit de son <strong data-start=\"1880\" data-end=\"1937\">travail acharn\u00e9, de sa passion et de sa d\u00e9termination<\/strong> , des valeurs que nous encourageons au sein du comit\u00e9. \ud83d\udcaa\ud83d\udc4f<\/p>\n<p data-start=\"2013\" data-end=\"2143\" data-is-last-node=\"\" data-is-only-node=\"\">Un grand <strong data-start=\"2022\" data-end=\"2080\">merci \u00e0 L\u00e9o Mexique, responsable de la commission kata<\/strong> , pour son coaching et son accompagnement pr\u00e9cieux tout au long de la comp\u00e9tition !<\/p>\n<p>[\/vc_column_text][\/vc_column][\/vc_row]<\/p>\n<\/div>","protected":false},"excerpt":{"rendered":"<p>[vc_row][vc_column][vc_column_text] Ce dimanche, lors du Championnat de France de Para-Karat\u00e9 \u00e0 Villebon-sur-Yvette , M\u00e9lanie a brill\u00e9 en remportant le titre national dans la cat\u00e9gorie Senior \u2013 Handicap Visuel ! \ud83e\udd47 Cette victoire est le fruit de son travail acharn\u00e9, de sa passion et de sa d\u00e9termination , des valeurs que nous encourageons au sein du [&hellip;]<\/p>\n","protected":false},"author":123,"featured_media":4997,"comment_status":"closed","ping_status":"closed","sticky":false,"template":"","format":"standard","meta":{"footnotes":""},"categories":[5,10],"tags":[],"class_list":["post-4996","post","type-post","status-publish","format-standard","hentry","category-actualites","category-competitions"],"_links":{"self":[{"href":"https:\/\/sites.ffkarate.fr\/meuse\/wp-json\/wp\/v2\/posts\/4996","targetHints":{"allow":["GET"]}}],"collection":[{"href":"https:\/\/sites.ffkarate.fr\/meuse\/wp-json\/wp\/v2\/posts"}],"about":[{"href":"https:\/\/sites.ffkarate.fr\/meuse\/wp-json\/wp\/v2\/types\/post"}],"author":[{"embeddable":true,"href":"https:\/\/sites.ffkarate.fr\/meuse\/wp-json\/wp\/v2\/users\/123"}],"replies":[{"embeddable":true,"href":"https:\/\/sites.ffkarate.fr\/meuse\/wp-json\/wp\/v2\/comments?post=4996"}],"version-history":[{"count":1,"href":"https:\/\/sites.ffkarate.fr\/meuse\/wp-json\/wp\/v2\/posts\/4996\/revisions"}],"predecessor-version":[{"id":4998,"href":"https:\/\/sites.ffkarate.fr\/meuse\/wp-json\/wp\/v2\/posts\/4996\/revisions\/4998"}],"wp:featuredmedia":[{"embeddable":true,"href":"https:\/\/sites.ffkarate.fr\/meuse\/wp-json\/wp\/v2\/media\/4997"}],"wp:attachment":[{"href":"https:\/\/sites.ffkarate.fr\/meuse\/wp-json\/wp\/v2\/media?parent=4996"}],"wp:term":[{"taxonomy":"category","embeddable":true,"href":"https:\/\/sites.ffkarate.fr\/meuse\/wp-json\/wp\/v2\/categories?post=4996"},{"taxonomy":"post_tag","embeddable":true,"href":"https:\/\/sites.ffkarate.fr\/meuse\/wp-json\/wp\/v2\/tags?post=4996"}],"curies":[{"name":"wp","href":"https:\/\/api.w.org\/{rel}","templated":true}]}}