{"id":5050,"date":"2025-04-16T20:27:48","date_gmt":"2025-04-16T18:27:48","guid":{"rendered":"https:\/\/sites.ffkarate.fr\/meuse\/?p=5050"},"modified":"2025-05-12T13:36:34","modified_gmt":"2025-05-12T11:36:34","slug":"coupe-michel-valiso-14e-edition","status":"publish","type":"post","link":"https:\/\/sites.ffkarate.fr\/meuse\/2025\/04\/16\/coupe-michel-valiso-14e-edition\/","title":{"rendered":"Coupe Michel VALISO \u2013 14e \u00c9dition"},"content":{"rendered":"<div class=\"wpb-content-wrapper\"><p>[vc_row][vc_column][vc_column_text]<\/p>\n<p class=\"\" data-start=\"321\" data-end=\"533\">Le Shotokan Karat\u00e9 Club de Verdun a le plaisir de vous inviter \u00e0 la 14e \u00e9dition de la <strong data-start=\"407\" data-end=\"430\">Coupe Michel VALISO<\/strong>, qui se d\u00e9roulera le <strong data-start=\"452\" data-end=\"478\">dimanche 1er juin 2025<\/strong> au <strong data-start=\"482\" data-end=\"532\">Cosec de la Galavaude, Rue Jean Bouin \u2013 Verdun<\/strong>.<\/p>\n<p class=\"\" data-start=\"535\" data-end=\"657\">Cette comp\u00e9tition est ouverte \u00e0 l&rsquo;ensemble des d\u00e9partements fran\u00e7ais et aux pays frontaliers, est r\u00e9serv\u00e9e aux <strong data-start=\"606\" data-end=\"643\">cat\u00e9gories de Poussins \u00e0 V\u00e9t\u00e9rans<\/strong>, et propose :<\/p>\n<p class=\"\" data-start=\"659\" data-end=\"745\">\ud83e\udd4b <strong data-start=\"662\" data-end=\"681\">Kata individuel<\/strong> \u2013 \u00e0 partir de 9h<br data-start=\"698\" data-end=\"701\" \/>\ud83e\udd4a <strong data-start=\"704\" data-end=\"725\">Kumit\u00e9 individuel<\/strong> \u2013 \u00e0 partir de 14h<\/p>\n<p class=\"\" data-start=\"747\" data-end=\"866\">\ud83c\udf9f\ufe0f <strong data-start=\"751\" data-end=\"791\">Entr\u00e9e gratuite pour les spectateurs<\/strong><br data-start=\"791\" data-end=\"794\" \/>\ud83d\udc65 <strong data-start=\"797\" data-end=\"818\">Coaching autoris\u00e9<\/strong> \u2013 r\u00e8glement et d\u00e9roulement expliqu\u00e9s sur place.<\/p>\n<p class=\"\" data-start=\"868\" data-end=\"925\">\ud83d\udd39 <strong data-start=\"871\" data-end=\"923\">Inscriptions obligatoires avant le 25 mai 2025 :<\/strong><\/p>\n<ul data-start=\"926\" data-end=\"1299\">\n<li class=\"\" data-start=\"926\" data-end=\"1039\">\n<p class=\"\" data-start=\"928\" data-end=\"1039\">Pour les <strong data-start=\"937\" data-end=\"954\">licenci\u00e9s FFK<\/strong> : en ligne exclusivement sur <a class=\"\" href=\"http:\/\/www.ffkcompetition.fr\" target=\"_new\" rel=\"noopener\" data-start=\"984\" data-end=\"1037\">www.ffkcompetition.fr<\/a><\/p>\n<\/li>\n<li class=\"\" data-start=\"1040\" data-end=\"1299\">\n<p class=\"\" data-start=\"1042\" data-end=\"1299\">Pour les <strong data-start=\"1051\" data-end=\"1070\">clubs \u00e9trangers<\/strong> : fiche d\u2019inscription \u00e0 envoyer \u00e0 <a class=\"\" href=\"mailto:shotokankarateclubverdun55@gmail.com\" rel=\"noopener\" data-start=\"1105\" data-end=\"1188\">shotokankarateclubverdun55@gmail.com<\/a> + paiement par virement bancaire<br data-start=\"1221\" data-end=\"1224\" \/>\u27a4 IBAN : <strong data-start=\"1235\" data-end=\"1272\">FR76 1027 8025 0000 0233 6354 520<\/strong><br data-start=\"1272\" data-end=\"1275\" \/>\u27a4 BIC : <strong data-start=\"1285\" data-end=\"1297\">CMCIFR2A<\/strong><\/p>\n<\/li>\n<\/ul>\n<p class=\"\" data-start=\"1301\" data-end=\"1397\">\ud83d\udcb6 Frais d\u2019inscription : <strong data-start=\"1326\" data-end=\"1348\">5\u20ac par comp\u00e9titeur <\/strong><\/p>\n<p class=\"\" data-start=\"1301\" data-end=\"1397\"><strong>Aucun engagement ne sera accept\u00e9 sur place.<\/strong><\/p>\n<p class=\"\" data-start=\"1399\" data-end=\"1449\">Les comp\u00e9titeurs doivent \u00eatre en possession :<\/p>\n<ul data-start=\"1450\" data-end=\"1645\">\n<li class=\"\" data-start=\"1450\" data-end=\"1506\">\n<p class=\"\" data-start=\"1452\" data-end=\"1506\">D\u2019une licence FFK (ou \u00e9quivalent pour les \u00e9trangers)<\/p>\n<\/li>\n<li class=\"\" data-start=\"1507\" data-end=\"1542\">\n<p class=\"\" data-start=\"1509\" data-end=\"1542\">D\u2019un passeport sportif en cours<\/p>\n<\/li>\n<li class=\"\" data-start=\"1543\" data-end=\"1592\">\n<p class=\"\" data-start=\"1545\" data-end=\"1592\">D\u2019une autorisation parentale pour les mineurs<\/p>\n<\/li>\n<li class=\"\" data-start=\"1593\" data-end=\"1645\">\n<p class=\"\" data-start=\"1595\" data-end=\"1645\">De l\u2019\u00e9quipement complet conforme aux exigences FFK<\/p>\n<\/li>\n<\/ul>\n<p class=\"\" data-start=\"1647\" data-end=\"1769\">\ud83d\udcde Pour toute information compl\u00e9mentaire :<br data-start=\"1689\" data-end=\"1692\" \/><strong data-start=\"1692\" data-end=\"1710\">Thierry SERRES<\/strong> \u2013 06 61 99 60 91<br data-start=\"1727\" data-end=\"1730\" \/>\ud83d\udce7 <a class=\"\" href=\"mailto:shotokankarateclubverdun55@gmail.com\" rel=\"noopener\" data-start=\"1733\" data-end=\"1769\">shotokankarateclubverdun55@gmail.com<\/a><\/p>\n<p>[\/vc_column_text][\/vc_column][\/vc_row]<\/p>\n<\/div>","protected":false},"excerpt":{"rendered":"<p>[vc_row][vc_column][vc_column_text] Le Shotokan Karat\u00e9 Club de Verdun a le plaisir de vous inviter \u00e0 la 14e \u00e9dition de la Coupe Michel VALISO, qui se d\u00e9roulera le dimanche 1er juin 2025 au Cosec de la Galavaude, Rue Jean Bouin \u2013 Verdun. Cette comp\u00e9tition est ouverte \u00e0 l&rsquo;ensemble des d\u00e9partements fran\u00e7ais et aux pays frontaliers, est r\u00e9serv\u00e9e [&hellip;]<\/p>\n","protected":false},"author":123,"featured_media":5064,"comment_status":"open","ping_status":"open","sticky":false,"template":"","format":"standard","meta":{"footnotes":""},"categories":[5,10],"tags":[],"class_list":["post-5050","post","type-post","status-publish","format-standard","hentry","category-actualites","category-competitions"],"_links":{"self":[{"href":"https:\/\/sites.ffkarate.fr\/meuse\/wp-json\/wp\/v2\/posts\/5050","targetHints":{"allow":["GET"]}}],"collection":[{"href":"https:\/\/sites.ffkarate.fr\/meuse\/wp-json\/wp\/v2\/posts"}],"about":[{"href":"https:\/\/sites.ffkarate.fr\/meuse\/wp-json\/wp\/v2\/types\/post"}],"author":[{"embeddable":true,"href":"https:\/\/sites.ffkarate.fr\/meuse\/wp-json\/wp\/v2\/users\/123"}],"replies":[{"embeddable":true,"href":"https:\/\/sites.ffkarate.fr\/meuse\/wp-json\/wp\/v2\/comments?post=5050"}],"version-history":[{"count":1,"href":"https:\/\/sites.ffkarate.fr\/meuse\/wp-json\/wp\/v2\/posts\/5050\/revisions"}],"predecessor-version":[{"id":5052,"href":"https:\/\/sites.ffkarate.fr\/meuse\/wp-json\/wp\/v2\/posts\/5050\/revisions\/5052"}],"wp:featuredmedia":[{"embeddable":true,"href":"https:\/\/sites.ffkarate.fr\/meuse\/wp-json\/wp\/v2\/media\/5064"}],"wp:attachment":[{"href":"https:\/\/sites.ffkarate.fr\/meuse\/wp-json\/wp\/v2\/media?parent=5050"}],"wp:term":[{"taxonomy":"category","embeddable":true,"href":"https:\/\/sites.ffkarate.fr\/meuse\/wp-json\/wp\/v2\/categories?post=5050"},{"taxonomy":"post_tag","embeddable":true,"href":"https:\/\/sites.ffkarate.fr\/meuse\/wp-json\/wp\/v2\/tags?post=5050"}],"curies":[{"name":"wp","href":"https:\/\/api.w.org\/{rel}","templated":true}]}}