{"id":5107,"date":"2025-09-01T16:22:58","date_gmt":"2025-09-01T14:22:58","guid":{"rendered":"https:\/\/sites.ffkarate.fr\/meuse\/?p=5107"},"modified":"2025-09-01T16:22:58","modified_gmt":"2025-09-01T14:22:58","slug":"%f0%9f%a5%8b-bonne-rentree-a-tous-nos-licencies","status":"publish","type":"post","link":"https:\/\/sites.ffkarate.fr\/meuse\/2025\/09\/01\/%f0%9f%a5%8b-bonne-rentree-a-tous-nos-licencies\/","title":{"rendered":"\ud83e\udd4b Bonne rentr\u00e9e \u00e0 tous nos licenci\u00e9s !"},"content":{"rendered":"<div class=\"wpb-content-wrapper\"><p>[vc_row][vc_column][vc_column_text]<\/p>\n<p data-start=\"252\" data-end=\"481\">Le Comit\u00e9 Meuse de Karat\u00e9 souhaite une excellente reprise \u00e0 l\u2019ensemble de ses licenci\u00e9s, enseignants et clubs.<br data-start=\"362\" data-end=\"365\" \/>Cette nouvelle saison sportive s\u2019annonce riche en <strong data-start=\"415\" data-end=\"462\">apprentissages, en \u00e9changes et en r\u00e9ussites<\/strong> sur les tatamis.<\/p>\n<p data-start=\"483\" data-end=\"622\">Nous vous encourageons \u00e0 aborder cette rentr\u00e9e avec <strong data-start=\"535\" data-end=\"572\">motivation, discipline et passion<\/strong>, valeurs qui font la force de notre discipline.<\/p>\n<p data-start=\"624\" data-end=\"749\">\ud83d\udc4a Ensemble, continuons \u00e0 faire vivre le karat\u00e9 dans la Meuse et \u00e0 partager notre sport dans le respect et la convivialit\u00e9.<\/p>\n<p data-start=\"751\" data-end=\"825\">Nous vous souhaitons \u00e0 toutes et \u00e0 tous une <strong data-start=\"795\" data-end=\"821\">belle saison 2025-2026<\/strong> !<\/p>\n<p>[\/vc_column_text][\/vc_column][\/vc_row]<\/p>\n<\/div>","protected":false},"excerpt":{"rendered":"<p>[vc_row][vc_column][vc_column_text] Le Comit\u00e9 Meuse de Karat\u00e9 souhaite une excellente reprise \u00e0 l\u2019ensemble de ses licenci\u00e9s, enseignants et clubs.Cette nouvelle saison sportive s\u2019annonce riche en apprentissages, en \u00e9changes et en r\u00e9ussites sur les tatamis. Nous vous encourageons \u00e0 aborder cette rentr\u00e9e avec motivation, discipline et passion, valeurs qui font la force de notre discipline. \ud83d\udc4a Ensemble, [&hellip;]<\/p>\n","protected":false},"author":123,"featured_media":5108,"comment_status":"open","ping_status":"open","sticky":false,"template":"","format":"standard","meta":{"footnotes":""},"categories":[5],"tags":[],"class_list":["post-5107","post","type-post","status-publish","format-standard","hentry","category-actualites"],"_links":{"self":[{"href":"https:\/\/sites.ffkarate.fr\/meuse\/wp-json\/wp\/v2\/posts\/5107","targetHints":{"allow":["GET"]}}],"collection":[{"href":"https:\/\/sites.ffkarate.fr\/meuse\/wp-json\/wp\/v2\/posts"}],"about":[{"href":"https:\/\/sites.ffkarate.fr\/meuse\/wp-json\/wp\/v2\/types\/post"}],"author":[{"embeddable":true,"href":"https:\/\/sites.ffkarate.fr\/meuse\/wp-json\/wp\/v2\/users\/123"}],"replies":[{"embeddable":true,"href":"https:\/\/sites.ffkarate.fr\/meuse\/wp-json\/wp\/v2\/comments?post=5107"}],"version-history":[{"count":1,"href":"https:\/\/sites.ffkarate.fr\/meuse\/wp-json\/wp\/v2\/posts\/5107\/revisions"}],"predecessor-version":[{"id":5109,"href":"https:\/\/sites.ffkarate.fr\/meuse\/wp-json\/wp\/v2\/posts\/5107\/revisions\/5109"}],"wp:featuredmedia":[{"embeddable":true,"href":"https:\/\/sites.ffkarate.fr\/meuse\/wp-json\/wp\/v2\/media\/5108"}],"wp:attachment":[{"href":"https:\/\/sites.ffkarate.fr\/meuse\/wp-json\/wp\/v2\/media?parent=5107"}],"wp:term":[{"taxonomy":"category","embeddable":true,"href":"https:\/\/sites.ffkarate.fr\/meuse\/wp-json\/wp\/v2\/categories?post=5107"},{"taxonomy":"post_tag","embeddable":true,"href":"https:\/\/sites.ffkarate.fr\/meuse\/wp-json\/wp\/v2\/tags?post=5107"}],"curies":[{"name":"wp","href":"https:\/\/api.w.org\/{rel}","templated":true}]}}