{"id":5197,"date":"2025-10-15T09:00:34","date_gmt":"2025-10-15T07:00:34","guid":{"rendered":"https:\/\/sites.ffkarate.fr\/meuse\/?p=5197"},"modified":"2025-10-15T10:06:09","modified_gmt":"2025-10-15T08:06:09","slug":"%f0%9f%a5%8b-meeting-departemental-des-coaches-comite-meuse-ffk","status":"publish","type":"post","link":"https:\/\/sites.ffkarate.fr\/meuse\/2025\/10\/15\/%f0%9f%a5%8b-meeting-departemental-des-coaches-comite-meuse-ffk\/","title":{"rendered":"\ud83e\udd4b MEETING D\u00c9PARTEMENTAL DES COACHES \u2013 COMIT\u00c9 MEUSE FFK"},"content":{"rendered":"<div class=\"wpb-content-wrapper\"><p>[vc_row][vc_column][vc_column_text]<\/p>\n<p data-start=\"186\" data-end=\"364\">Sous la direction du Directeur Technique D\u00e9partemental <strong data-start=\"241\" data-end=\"262\">Christian MEURICE<\/strong>, le <strong data-start=\"267\" data-end=\"313\">Comit\u00e9 D\u00e9partemental de Karat\u00e9 de la Meuse<\/strong> organise le <strong data-start=\"326\" data-end=\"363\">Meeting D\u00e9partemental des Coaches<\/strong>.<\/p>\n<p data-start=\"366\" data-end=\"519\"><strong data-start=\"366\" data-end=\"376\">Date :<\/strong> Dimanche 16 novembre 2025<br data-start=\"402\" data-end=\"405\" \/><strong data-start=\"405\" data-end=\"418\">Horaire :<\/strong> de 8h30 \u00e0 12h00<br data-start=\"434\" data-end=\"437\" \/><strong data-start=\"437\" data-end=\"447\">Lieu :<\/strong> Salle Mariette Vautrin \u2013 4-10 rue Henriette de Lorraine, 55300 Sampigny<\/p>\n<h3 data-start=\"521\" data-end=\"535\"><\/h3>\n<h3 data-start=\"521\" data-end=\"535\">Objectif<\/h3>\n<p data-start=\"536\" data-end=\"846\">Ce rendez-vous est destin\u00e9 \u00e0 tous les coaches souhaitant \u00eatre accr\u00e9dit\u00e9s pour les saisons <strong data-start=\"626\" data-end=\"652\">2025\/2026 et 2026\/2027<\/strong>.<br data-start=\"653\" data-end=\"656\" \/>Les participants recevront leur carte d\u2019accr\u00e9ditation et seront habilit\u00e9s \u00e0 coacher lors des comp\u00e9titions d\u00e9partementales et r\u00e9gionales.<br data-start=\"792\" data-end=\"795\" \/>Les coaches nationaux sont dispens\u00e9s de ce meeting.<\/p>\n<h3 data-start=\"848\" data-end=\"863\"><\/h3>\n<h3 data-start=\"848\" data-end=\"863\">Pr\u00e9requis<\/h3>\n<p data-start=\"865\" data-end=\"897\"><strong data-start=\"865\" data-end=\"895\">Pour les coaches majeurs :<\/strong><\/p>\n<ul data-start=\"898\" data-end=\"1051\">\n<li data-start=\"898\" data-end=\"943\">\n<p data-start=\"900\" data-end=\"943\">\u00catre licenci\u00e9 FFK pour la saison en cours<\/p>\n<\/li>\n<li data-start=\"944\" data-end=\"974\">\n<p data-start=\"946\" data-end=\"974\">\u00catre \u00e2g\u00e9 de 18 ans minimum<\/p>\n<\/li>\n<li data-start=\"975\" data-end=\"1014\">\n<p data-start=\"977\" data-end=\"1014\">\u00catre minimum ceinture noire 1er Dan<\/p>\n<\/li>\n<li data-start=\"1015\" data-end=\"1051\">\n<p data-start=\"1017\" data-end=\"1051\">\u00catre titulaire au minimum du DAF<\/p>\n<\/li>\n<\/ul>\n<p data-start=\"1053\" data-end=\"1098\"><strong data-start=\"1053\" data-end=\"1096\">Pour les jeunes coaches (14 \u00e0 17 ans) :<\/strong><\/p>\n<ul data-start=\"1099\" data-end=\"1327\">\n<li data-start=\"1099\" data-end=\"1144\">\n<p data-start=\"1101\" data-end=\"1144\">\u00catre licenci\u00e9 FFK pour la saison en cours<\/p>\n<\/li>\n<li data-start=\"1145\" data-end=\"1184\">\n<p data-start=\"1147\" data-end=\"1184\">\u00catre minimum ceinture noire 1er Dan<\/p>\n<\/li>\n<li data-start=\"1185\" data-end=\"1327\">\n<p data-start=\"1187\" data-end=\"1327\">\u00catre en possession de l\u2019AFA<br data-start=\"1214\" data-end=\"1217\" \/><em data-start=\"1217\" data-end=\"1327\">(Les jeunes coaches sont autoris\u00e9s \u00e0 coacher selon leur cat\u00e9gorie d\u2019\u00e2ge, conform\u00e9ment au r\u00e8glement f\u00e9d\u00e9ral.)<\/em><\/p>\n<\/li>\n<\/ul>\n<h3 data-start=\"1329\" data-end=\"1363\"><\/h3>\n<h3 data-start=\"1329\" data-end=\"1363\">Informations compl\u00e9mentaires<\/h3>\n<p data-start=\"1364\" data-end=\"1526\">Tenue de coach obligatoire.<br data-start=\"1391\" data-end=\"1394\" \/>Il est vivement conseill\u00e9 aux coaches d\u00e9j\u00e0 accr\u00e9dit\u00e9s d\u2019assister \u00e0 cette r\u00e9union, en raison des nombreux changements de r\u00e8glement.<\/p>\n<p data-start=\"1528\" data-end=\"1678\"><strong data-start=\"1528\" data-end=\"1551\">R\u00e8glement f\u00e9d\u00e9ral :<\/strong> <a class=\"decorated-link\" href=\"https:\/\/www.ffkarate.fr\/wp-content\/uploads\/2025\/09\/Reglement-coaching-2025-2026-VF.pdf\" target=\"_new\" rel=\"noopener\" data-start=\"1552\" data-end=\"1676\">R\u00e8glement coaching 2025-2026 (FFK)<\/a><\/p>\n<p data-start=\"1680\" data-end=\"1754\"><strong data-start=\"1680\" data-end=\"1700\">Renseignements :<\/strong> Christian MEURICE, DTD de la Meuse \u2013 06 86 77 12 77 ou christian.meurice@wanadoo.fr<\/p>\n<p>[\/vc_column_text][\/vc_column][\/vc_row]<\/p>\n<\/div>","protected":false},"excerpt":{"rendered":"<p>[vc_row][vc_column][vc_column_text] Sous la direction du Directeur Technique D\u00e9partemental Christian MEURICE, le Comit\u00e9 D\u00e9partemental de Karat\u00e9 de la Meuse organise le Meeting D\u00e9partemental des Coaches. Date : Dimanche 16 novembre 2025Horaire : de 8h30 \u00e0 12h00Lieu : Salle Mariette Vautrin \u2013 4-10 rue Henriette de Lorraine, 55300 Sampigny Objectif Ce rendez-vous est destin\u00e9 \u00e0 tous les [&hellip;]<\/p>\n","protected":false},"author":123,"featured_media":5205,"comment_status":"open","ping_status":"open","sticky":false,"template":"","format":"standard","meta":{"footnotes":""},"categories":[5,11],"tags":[],"class_list":["post-5197","post","type-post","status-publish","format-standard","hentry","category-actualites","category-formations"],"_links":{"self":[{"href":"https:\/\/sites.ffkarate.fr\/meuse\/wp-json\/wp\/v2\/posts\/5197","targetHints":{"allow":["GET"]}}],"collection":[{"href":"https:\/\/sites.ffkarate.fr\/meuse\/wp-json\/wp\/v2\/posts"}],"about":[{"href":"https:\/\/sites.ffkarate.fr\/meuse\/wp-json\/wp\/v2\/types\/post"}],"author":[{"embeddable":true,"href":"https:\/\/sites.ffkarate.fr\/meuse\/wp-json\/wp\/v2\/users\/123"}],"replies":[{"embeddable":true,"href":"https:\/\/sites.ffkarate.fr\/meuse\/wp-json\/wp\/v2\/comments?post=5197"}],"version-history":[{"count":3,"href":"https:\/\/sites.ffkarate.fr\/meuse\/wp-json\/wp\/v2\/posts\/5197\/revisions"}],"predecessor-version":[{"id":5206,"href":"https:\/\/sites.ffkarate.fr\/meuse\/wp-json\/wp\/v2\/posts\/5197\/revisions\/5206"}],"wp:featuredmedia":[{"embeddable":true,"href":"https:\/\/sites.ffkarate.fr\/meuse\/wp-json\/wp\/v2\/media\/5205"}],"wp:attachment":[{"href":"https:\/\/sites.ffkarate.fr\/meuse\/wp-json\/wp\/v2\/media?parent=5197"}],"wp:term":[{"taxonomy":"category","embeddable":true,"href":"https:\/\/sites.ffkarate.fr\/meuse\/wp-json\/wp\/v2\/categories?post=5197"},{"taxonomy":"post_tag","embeddable":true,"href":"https:\/\/sites.ffkarate.fr\/meuse\/wp-json\/wp\/v2\/tags?post=5197"}],"curies":[{"name":"wp","href":"https:\/\/api.w.org\/{rel}","templated":true}]}}