{"id":2789,"date":"2020-12-04T13:58:37","date_gmt":"2020-12-04T12:58:37","guid":{"rendered":"https:\/\/sites.ffkarate.fr\/morbihan\/?post_type=news&amp;p=2789"},"modified":"2020-12-04T13:58:37","modified_gmt":"2020-12-04T12:58:37","slug":"visioconference-pour-lafa-et-le-daf-partie-theorique","status":"publish","type":"post","link":"https:\/\/sites.ffkarate.fr\/morbihan\/2020\/12\/04\/visioconference-pour-lafa-et-le-daf-partie-theorique\/","title":{"rendered":"Visioconf\u00e9rence pour l&rsquo;AFA et le DAF (Partie th\u00e9orique)"},"content":{"rendered":"<div class=\"wpb-content-wrapper\"><p>[vc_row][vc_column][vc_column_text]Le Comit\u00e9 du Morbihan de Karat\u00e9 organisera le<strong> samedi 19\u00a0d\u00e9cembre 2020<\/strong>, <strong>de 9h00 \u00e0 17h00<\/strong>, la partie th\u00e9orique du DAF et de l&rsquo;AFA. Cette journ\u00e9e sera enti\u00e8rement r\u00e9alis\u00e9e par visioconf\u00e9rence et sera anim\u00e9e par Alyssa Le Senechal, Responsable D\u00e9partementale de formation du Comit\u00e9.<\/p>\n<p><img decoding=\"async\" class=\"aligncenter size-large wp-image-2793\" src=\"https:\/\/sites.ffkarate.fr\/morbihan\/wp-content\/uploads\/sites\/78\/2020\/12\/CDK_MORBIHAN_DAF_AFA-1024x1024.jpg\" alt=\"CDK_MORBIHAN_DAF_AFA\" width=\"640\" height=\"640\" \/><\/p>\n<h2>AFA et DAF, c&rsquo;est quoi ?<\/h2>\n<ul>\n<li><strong>Attestation F\u00e9d\u00e9rale d\u2019Assistant (AFA)<\/strong>\u00a0:\u00a0<a href=\"http:\/\/www.ffkarate.fr\/formations\/attestation-federale-assistant-afa\/\" target=\"_blank\" rel=\"noopener\">lien FFK<\/a><\/li>\n<\/ul>\n<p>Le DAF est un dipl\u00f4me assez rapide \u00e0 obtenir, il permet \u00e0 son titulaire d\u2019organiser des entrainements de fa\u00e7on b\u00e9n\u00e9vole au sein des clubs affili\u00e9s FFK et ainsi d\u00e9velopper la pratique du karat\u00e9 et des disciplines associ\u00e9es.<\/p>\n<ul>\n<li><strong>Dipl\u00f4me\u00a0d\u2019Animateur F\u00e9d\u00e9ral (DAF)<\/strong>\u00a0:\u00a0<a href=\"http:\/\/www.ffkarate.fr\/formations\/diplome-animateur-federal-daf\/\" target=\"_blank\" rel=\"noopener\">lien FFK<\/a><\/li>\n<\/ul>\n<p>L\u2019AFA permet de donner une reconnaissance \u00e0 un jeune int\u00e9ress\u00e9 par l\u2019enseignement pour aider et assister un enseignant dipl\u00f4m\u00e9 \u00e0 encadrer des s\u00e9ances de karat\u00e9 et de ses disciplines associ\u00e9es dans un club affili\u00e9 FFK. Accessible \u00e0 partir de la ceinture marron et de 14 \u00e0 18 ans, cette attestation permet aussi d\u2019inciter des jeunes pratiquants \u00e0 s\u2019impliquer dans la vie associative et elle s\u2019int\u00e8gre donc dans la formation sportive citoyenne.[\/vc_column_text][\/vc_column][\/vc_row]<\/p>\n<\/div>","protected":false},"excerpt":{"rendered":"<p>[vc_row][vc_column][vc_column_text]Le Comit\u00e9 du Morbihan de Karat\u00e9 organisera le samedi 19\u00a0d\u00e9cembre 2020, de 9h00 \u00e0 17h00, la partie th\u00e9orique du DAF et de l&rsquo;AFA. Cette journ\u00e9e sera enti\u00e8rement r\u00e9alis\u00e9e par visioconf\u00e9rence et sera anim\u00e9e par Alyssa Le Senechal, Responsable D\u00e9partementale de formation du Comit\u00e9. AFA et DAF, c&rsquo;est quoi ? Attestation F\u00e9d\u00e9rale d\u2019Assistant (AFA)\u00a0:\u00a0lien FFK Le [&hellip;]<\/p>\n","protected":false},"author":163,"featured_media":2793,"comment_status":"closed","ping_status":"closed","sticky":false,"template":"","format":"standard","meta":{"footnotes":""},"categories":[1],"tags":[29,48,72,75,26],"class_list":["post-2789","post","type-post","status-publish","format-standard","hentry","category-non-classe","tag-afa","tag-daf","tag-formation","tag-karate","tag-morbihan"],"_links":{"self":[{"href":"https:\/\/sites.ffkarate.fr\/morbihan\/wp-json\/wp\/v2\/posts\/2789","targetHints":{"allow":["GET"]}}],"collection":[{"href":"https:\/\/sites.ffkarate.fr\/morbihan\/wp-json\/wp\/v2\/posts"}],"about":[{"href":"https:\/\/sites.ffkarate.fr\/morbihan\/wp-json\/wp\/v2\/types\/post"}],"author":[{"embeddable":true,"href":"https:\/\/sites.ffkarate.fr\/morbihan\/wp-json\/wp\/v2\/users\/163"}],"replies":[{"embeddable":true,"href":"https:\/\/sites.ffkarate.fr\/morbihan\/wp-json\/wp\/v2\/comments?post=2789"}],"version-history":[{"count":0,"href":"https:\/\/sites.ffkarate.fr\/morbihan\/wp-json\/wp\/v2\/posts\/2789\/revisions"}],"wp:featuredmedia":[{"embeddable":true,"href":"https:\/\/sites.ffkarate.fr\/morbihan\/wp-json\/wp\/v2\/media\/2793"}],"wp:attachment":[{"href":"https:\/\/sites.ffkarate.fr\/morbihan\/wp-json\/wp\/v2\/media?parent=2789"}],"wp:term":[{"taxonomy":"category","embeddable":true,"href":"https:\/\/sites.ffkarate.fr\/morbihan\/wp-json\/wp\/v2\/categories?post=2789"},{"taxonomy":"post_tag","embeddable":true,"href":"https:\/\/sites.ffkarate.fr\/morbihan\/wp-json\/wp\/v2\/tags?post=2789"}],"curies":[{"name":"wp","href":"https:\/\/api.w.org\/{rel}","templated":true}]}}