{"id":3002,"date":"2024-03-12T10:01:28","date_gmt":"2024-03-12T09:01:28","guid":{"rendered":"https:\/\/sites.ffkarate.fr\/nord\/?p=3002"},"modified":"2024-03-12T10:02:36","modified_gmt":"2024-03-12T09:02:36","slug":"victime-ou-temoin-de-violences-agissez","status":"publish","type":"post","link":"https:\/\/sites.ffkarate.fr\/nord\/2024\/03\/12\/victime-ou-temoin-de-violences-agissez\/","title":{"rendered":"Victime ou t\u00e9moin de violences, agissez !"},"content":{"rendered":"<div class=\"wpb-content-wrapper\"><p>[vc_row][vc_column][vc_column_text]<\/p>\n<p style=\"text-align: center\"><strong><img decoding=\"async\" class=\"alignnone wp-image-3006\" src=\"https:\/\/sites.ffkarate.fr\/nord\/wp-content\/uploads\/sites\/81\/2024\/03\/SignalSports_Fille_Ecran-1000x500-1-300x150.png\" alt=\"\" width=\"802\" height=\"401\" srcset=\"https:\/\/sites.ffkarate.fr\/nord\/wp-content\/uploads\/sites\/81\/2024\/03\/SignalSports_Fille_Ecran-1000x500-1-300x150.png 300w, https:\/\/sites.ffkarate.fr\/nord\/wp-content\/uploads\/sites\/81\/2024\/03\/SignalSports_Fille_Ecran-1000x500-1-768x384.png 768w, https:\/\/sites.ffkarate.fr\/nord\/wp-content\/uploads\/sites\/81\/2024\/03\/SignalSports_Fille_Ecran-1000x500-1.png 1000w\" sizes=\"(max-width: 802px) 100vw, 802px\" \/><\/strong><\/p>\n<h4 style=\"text-align: center\"><strong>Dans le cadre de la politique prioritaire de lutte contre toutes les formes de violences, le Minist\u00e8re des Sports et des Jeux Olympiques et Paralympiques a mis en place une plateforme \u00ab Signal-sports \u00bb d\u00e9di\u00e9e aux signalements des violences dans le monde du sport.<\/strong><\/h4>\n<p>&nbsp;<\/p>\n<p style=\"text-align: center\">Lien vers le site F.F.K.D.A<\/p>\n<p style=\"text-align: center\"><a href=\"https:\/\/www.ffkarate.fr\/victime-ou-temoin-de-violences-agissez\/\" target=\"_blank\" rel=\"noopener\">Victime ou t\u00e9moin d&rsquo;une violence dans le sport.<\/a><\/p>\n<p>&nbsp;<\/p>\n<h3 style=\"text-align: center\"><strong>Kit de communication.<\/strong><\/h3>\n<ul>\n<li><a href=\"https:\/\/www.sports.gouv.fr\/media\/8430\/download\" target=\"_blank\" rel=\"noopener\">Des affiches<\/a><\/li>\n<li><a href=\"https:\/\/www.sports.gouv.fr\/media\/8433\/download\" target=\"_blank\" rel=\"noopener\">Des carrousels<\/a><\/li>\n<li><a href=\"https:\/\/www.sports.gouv.fr\/media\/8436\/download\" target=\"_blank\" rel=\"noopener\">Des clips pour vos r\u00e9seaux sociaux<\/a><\/li>\n<li><a href=\"https:\/\/www.sports.gouv.fr\/media\/8439\/download\" target=\"_blank\" rel=\"noopener\">Des affiches au format 16:9<\/a><\/li>\n<\/ul>\n<p>[\/vc_column_text][\/vc_column][\/vc_row]<\/p>\n<\/div>","protected":false},"excerpt":{"rendered":"<p>[vc_row][vc_column][vc_column_text] Dans le cadre de la politique prioritaire de lutte contre toutes les formes de violences, le Minist\u00e8re des Sports et des Jeux Olympiques et Paralympiques a mis en place une plateforme \u00ab Signal-sports \u00bb d\u00e9di\u00e9e aux signalements des violences dans le monde du sport. &nbsp; Lien vers le site F.F.K.D.A Victime ou t\u00e9moin d&rsquo;une [&hellip;]<\/p>\n","protected":false},"author":128,"featured_media":0,"comment_status":"closed","ping_status":"closed","sticky":false,"template":"","format":"standard","meta":{"footnotes":""},"categories":[5,1],"tags":[],"class_list":["post-3002","post","type-post","status-publish","format-standard","hentry","category-actualites","category-non-classe"],"_links":{"self":[{"href":"https:\/\/sites.ffkarate.fr\/nord\/wp-json\/wp\/v2\/posts\/3002","targetHints":{"allow":["GET"]}}],"collection":[{"href":"https:\/\/sites.ffkarate.fr\/nord\/wp-json\/wp\/v2\/posts"}],"about":[{"href":"https:\/\/sites.ffkarate.fr\/nord\/wp-json\/wp\/v2\/types\/post"}],"author":[{"embeddable":true,"href":"https:\/\/sites.ffkarate.fr\/nord\/wp-json\/wp\/v2\/users\/128"}],"replies":[{"embeddable":true,"href":"https:\/\/sites.ffkarate.fr\/nord\/wp-json\/wp\/v2\/comments?post=3002"}],"version-history":[{"count":7,"href":"https:\/\/sites.ffkarate.fr\/nord\/wp-json\/wp\/v2\/posts\/3002\/revisions"}],"predecessor-version":[{"id":3010,"href":"https:\/\/sites.ffkarate.fr\/nord\/wp-json\/wp\/v2\/posts\/3002\/revisions\/3010"}],"wp:attachment":[{"href":"https:\/\/sites.ffkarate.fr\/nord\/wp-json\/wp\/v2\/media?parent=3002"}],"wp:term":[{"taxonomy":"category","embeddable":true,"href":"https:\/\/sites.ffkarate.fr\/nord\/wp-json\/wp\/v2\/categories?post=3002"},{"taxonomy":"post_tag","embeddable":true,"href":"https:\/\/sites.ffkarate.fr\/nord\/wp-json\/wp\/v2\/tags?post=3002"}],"curies":[{"name":"wp","href":"https:\/\/api.w.org\/{rel}","templated":true}]}}