{"id":10137,"date":"2025-02-06T12:11:43","date_gmt":"2025-02-06T11:11:43","guid":{"rendered":"https:\/\/sites.ffkarate.fr\/normandie\/?p=10137"},"modified":"2025-02-06T12:14:56","modified_gmt":"2025-02-06T11:14:56","slug":"coupe-de-france-kyokushin-3","status":"publish","type":"post","link":"https:\/\/sites.ffkarate.fr\/normandie\/2025\/02\/06\/coupe-de-france-kyokushin-3\/","title":{"rendered":"Coupe de France Kyokushin"},"content":{"rendered":"<div class=\"wpb-content-wrapper\"><p>[vc_row][vc_column][vc_column_text]<\/p>\n<div class=\"xdj266r x11i5rnm xat24cr x1mh8g0r x1vvkbs x126k92a\">\n<div dir=\"auto\">COUPE DE FRANCE KYOKUSHINKAI<\/div>\n<\/div>\n<div class=\"x11i5rnm xat24cr x1mh8g0r x1vvkbs xtlvy1s x126k92a\">\n<div dir=\"auto\">F\u00e9licitations \u00e0 Ysma\u00efl Youssef <span class=\"html-span xexx8yu x4uap5 x18d9i69 xkhd6sd x1hl2dhg x16tdsg8 x1vvkbs x3nfvp2 x1j61x8r x1fcty0u xdj266r xat24cr xgzva0m xhhsvwb xxymvpz xlup9mm x1kky2od\"><img decoding=\"async\" class=\"xz74otr\" src=\"https:\/\/static.xx.fbcdn.net\/images\/emoji.php\/v9\/t94\/1\/16\/1f947.png\" alt=\"\ud83e\udd47\" width=\"16\" height=\"16\" \/><\/span><\/div>\n<div dir=\"auto\">ainsi qu&rsquo;\u00e0 Syhem Sellam<span class=\"html-span xexx8yu x4uap5 x18d9i69 xkhd6sd x1hl2dhg x16tdsg8 x1vvkbs x3nfvp2 x1j61x8r x1fcty0u xdj266r xat24cr xgzva0m xhhsvwb xxymvpz xlup9mm x1kky2od\"><img decoding=\"async\" class=\"xz74otr\" src=\"https:\/\/static.xx.fbcdn.net\/images\/emoji.php\/v9\/t96\/1\/16\/1f949.png\" alt=\"\ud83e\udd49\" width=\"16\" height=\"16\" \/><\/span><\/div>\n<div dir=\"auto\">et Djeina Le Fevre <span class=\"html-span xexx8yu x4uap5 x18d9i69 xkhd6sd x1hl2dhg x16tdsg8 x1vvkbs x3nfvp2 x1j61x8r x1fcty0u xdj266r xat24cr xgzva0m xhhsvwb xxymvpz xlup9mm x1kky2od\"><img decoding=\"async\" class=\"xz74otr\" src=\"https:\/\/static.xx.fbcdn.net\/images\/emoji.php\/v9\/t96\/1\/16\/1f949.png\" alt=\"\ud83e\udd49\" width=\"16\" height=\"16\" \/><\/span><\/div>\n<div dir=\"auto\">du Kyokushin Tora Senshi <span class=\"html-span xexx8yu x4uap5 x18d9i69 xkhd6sd x1hl2dhg x16tdsg8 x1vvkbs x3nfvp2 x1j61x8r x1fcty0u xdj266r xat24cr xgzva0m xhhsvwb xxymvpz xlup9mm x1kky2od\"><img decoding=\"async\" class=\"xz74otr\" src=\"https:\/\/static.xx.fbcdn.net\/images\/emoji.php\/v9\/tfe\/1\/16\/1f44f.png\" alt=\"\ud83d\udc4f\" width=\"16\" height=\"16\" \/><\/span><span class=\"html-span xexx8yu x4uap5 x18d9i69 xkhd6sd x1hl2dhg x16tdsg8 x1vvkbs x3nfvp2 x1j61x8r x1fcty0u xdj266r xat24cr xgzva0m xhhsvwb xxymvpz xlup9mm x1kky2od\"><img decoding=\"async\" class=\"xz74otr\" src=\"https:\/\/static.xx.fbcdn.net\/images\/emoji.php\/v9\/tfe\/1\/16\/1f44f.png\" alt=\"\ud83d\udc4f\" width=\"16\" height=\"16\" \/><\/span><span class=\"html-span xexx8yu x4uap5 x18d9i69 xkhd6sd x1hl2dhg x16tdsg8 x1vvkbs x3nfvp2 x1j61x8r x1fcty0u xdj266r xat24cr xgzva0m xhhsvwb xxymvpz xlup9mm x1kky2od\"><img decoding=\"async\" class=\"xz74otr\" src=\"https:\/\/static.xx.fbcdn.net\/images\/emoji.php\/v9\/tfe\/1\/16\/1f44f.png\" alt=\"\ud83d\udc4f\" width=\"16\" height=\"16\" \/><\/span><\/div>\n<\/div>\n<div dir=\"auto\"><\/div>\n<div dir=\"auto\"><\/div>\n<div dir=\"auto\"><\/div>\n<div dir=\"auto\"><\/div>\n<div dir=\"auto\"><\/div>\n<div dir=\"auto\"><a href=\"https:\/\/sites.ffkarate.fr\/normandie\/wp-content\/uploads\/sites\/117\/2025\/02\/476097233_1196561835808910_7865005346612556813_n.jpg\"><img decoding=\"async\" class=\"alignnone size-full wp-image-10136\" src=\"https:\/\/sites.ffkarate.fr\/normandie\/wp-content\/uploads\/sites\/117\/2025\/02\/476097233_1196561835808910_7865005346612556813_n.jpg\" alt=\"\" width=\"600\" height=\"521\" srcset=\"https:\/\/sites.ffkarate.fr\/normandie\/wp-content\/uploads\/sites\/117\/2025\/02\/476097233_1196561835808910_7865005346612556813_n.jpg 600w, https:\/\/sites.ffkarate.fr\/normandie\/wp-content\/uploads\/sites\/117\/2025\/02\/476097233_1196561835808910_7865005346612556813_n-300x261.jpg 300w\" sizes=\"(max-width: 600px) 100vw, 600px\" \/><\/a><\/div>\n<p>[\/vc_column_text][\/vc_column][\/vc_row]<\/p>\n<\/div>","protected":false},"excerpt":{"rendered":"<p>[vc_row][vc_column][vc_column_text] COUPE DE FRANCE KYOKUSHINKAI F\u00e9licitations \u00e0 Ysma\u00efl Youssef ainsi qu&rsquo;\u00e0 Syhem Sellam et Djeina Le Fevre du Kyokushin Tora Senshi [\/vc_column_text][\/vc_column][\/vc_row]<\/p>\n","protected":false},"author":57,"featured_media":6913,"comment_status":"closed","ping_status":"closed","sticky":false,"template":"","format":"standard","meta":{"footnotes":""},"categories":[78],"tags":[],"class_list":["post-10137","post","type-post","status-publish","format-standard","hentry","category-karate-kyokushin"],"_links":{"self":[{"href":"https:\/\/sites.ffkarate.fr\/normandie\/wp-json\/wp\/v2\/posts\/10137","targetHints":{"allow":["GET"]}}],"collection":[{"href":"https:\/\/sites.ffkarate.fr\/normandie\/wp-json\/wp\/v2\/posts"}],"about":[{"href":"https:\/\/sites.ffkarate.fr\/normandie\/wp-json\/wp\/v2\/types\/post"}],"author":[{"embeddable":true,"href":"https:\/\/sites.ffkarate.fr\/normandie\/wp-json\/wp\/v2\/users\/57"}],"replies":[{"embeddable":true,"href":"https:\/\/sites.ffkarate.fr\/normandie\/wp-json\/wp\/v2\/comments?post=10137"}],"version-history":[{"count":4,"href":"https:\/\/sites.ffkarate.fr\/normandie\/wp-json\/wp\/v2\/posts\/10137\/revisions"}],"predecessor-version":[{"id":10141,"href":"https:\/\/sites.ffkarate.fr\/normandie\/wp-json\/wp\/v2\/posts\/10137\/revisions\/10141"}],"wp:featuredmedia":[{"embeddable":true,"href":"https:\/\/sites.ffkarate.fr\/normandie\/wp-json\/wp\/v2\/media\/6913"}],"wp:attachment":[{"href":"https:\/\/sites.ffkarate.fr\/normandie\/wp-json\/wp\/v2\/media?parent=10137"}],"wp:term":[{"taxonomy":"category","embeddable":true,"href":"https:\/\/sites.ffkarate.fr\/normandie\/wp-json\/wp\/v2\/categories?post=10137"},{"taxonomy":"post_tag","embeddable":true,"href":"https:\/\/sites.ffkarate.fr\/normandie\/wp-json\/wp\/v2\/tags?post=10137"}],"curies":[{"name":"wp","href":"https:\/\/api.w.org\/{rel}","templated":true}]}}