{"id":10675,"date":"2025-05-12T11:18:59","date_gmt":"2025-05-12T09:18:59","guid":{"rendered":"https:\/\/sites.ffkarate.fr\/normandie\/?p=10675"},"modified":"2025-05-12T11:20:14","modified_gmt":"2025-05-12T09:20:14","slug":"coupe-de-%f0%9f%87%ab%f0%9f%87%b7-benjamins-combat","status":"publish","type":"post","link":"https:\/\/sites.ffkarate.fr\/normandie\/2025\/05\/12\/coupe-de-%f0%9f%87%ab%f0%9f%87%b7-benjamins-combat\/","title":{"rendered":"COUPE DE \ud83c\uddeb\ud83c\uddf7 BENJAMINS &#8211; COMBAT"},"content":{"rendered":"<div class=\"wpb-content-wrapper\"><p>[vc_row][vc_column][vc_column_text]<\/p>\n<div class=\"x11i5rnm xat24cr x1mh8g0r x1vvkbs xtlvy1s x126k92a\">\n<div dir=\"auto\">F\u00e9licitations aux comp\u00e9titeurs de l&rsquo;AKSE Ivry-La-Bataille qui se sont bien illustr\u00e9s, ce week-end \u00e0 Verquin, durant cette comp\u00e9tition et en particulier Maurice E\u00efyan qui se hisse sur le podium <span class=\"html-span xexx8yu x4uap5 x18d9i69 xkhd6sd x1hl2dhg x16tdsg8 x1vvkbs x3nfvp2 x1j61x8r x1fcty0u xdj266r xat24cr xgzva0m xhhsvwb xxymvpz xlup9mm x1kky2od\"><img decoding=\"async\" class=\"xz74otr x168nmei x13lgxp2 x5pf9jr xo71vjh\" src=\"https:\/\/static.xx.fbcdn.net\/images\/emoji.php\/v9\/t96\/1\/16\/1f949.png\" alt=\"\ud83e\udd49\" width=\"16\" height=\"16\" \/><\/span><\/div>\n<\/div>\n<div class=\"x11i5rnm xat24cr x1mh8g0r x1vvkbs xtlvy1s x126k92a\">\n<div dir=\"auto\">Bravo \u00e0 eux et au coach pour ce tr\u00e8s beau r\u00e9sultat <span class=\"html-span xexx8yu x4uap5 x18d9i69 xkhd6sd x1hl2dhg x16tdsg8 x1vvkbs x3nfvp2 x1j61x8r x1fcty0u xdj266r xat24cr xgzva0m xhhsvwb xxymvpz xlup9mm x1kky2od\"><img decoding=\"async\" class=\"xz74otr x168nmei x13lgxp2 x5pf9jr xo71vjh\" src=\"https:\/\/static.xx.fbcdn.net\/images\/emoji.php\/v9\/tfe\/1\/16\/1f44f.png\" alt=\"\ud83d\udc4f\" width=\"16\" height=\"16\" \/><\/span><span class=\"html-span xexx8yu x4uap5 x18d9i69 xkhd6sd x1hl2dhg x16tdsg8 x1vvkbs x3nfvp2 x1j61x8r x1fcty0u xdj266r xat24cr xgzva0m xhhsvwb xxymvpz xlup9mm x1kky2od\"><img decoding=\"async\" class=\"xz74otr x168nmei x13lgxp2 x5pf9jr xo71vjh\" src=\"https:\/\/static.xx.fbcdn.net\/images\/emoji.php\/v9\/tfe\/1\/16\/1f44f.png\" alt=\"\ud83d\udc4f\" width=\"16\" height=\"16\" \/><\/span><span class=\"html-span xexx8yu x4uap5 x18d9i69 xkhd6sd x1hl2dhg x16tdsg8 x1vvkbs x3nfvp2 x1j61x8r x1fcty0u xdj266r xat24cr xgzva0m xhhsvwb xxymvpz xlup9mm x1kky2od\"><img decoding=\"async\" class=\"xz74otr x168nmei x13lgxp2 x5pf9jr xo71vjh\" src=\"https:\/\/static.xx.fbcdn.net\/images\/emoji.php\/v9\/tfe\/1\/16\/1f44f.png\" alt=\"\ud83d\udc4f\" width=\"16\" height=\"16\" \/><\/span><\/div>\n<\/div>\n<div dir=\"auto\">\n<div class=\"html-div xdj266r x11i5rnm xat24cr x1mh8g0r xexx8yu x1a8lsjc x1swvt13 x1pi30zi\">\n<div class=\"html-div xdj266r x11i5rnm xat24cr x1mh8g0r xexx8yu x4uap5 x18d9i69 xkhd6sd x1jx94hy x78zum5 x1q0g3np\">\n<div class=\"x78zum5 xdt5ytf xz62fqu x16ldp7u\">\n<div class=\"xu06os2 x1ok221b\">\n<div class=\"html-div xdj266r x11i5rnm xat24cr x1mh8g0r xexx8yu x4uap5 x18d9i69 xkhd6sd x1q0g3np\"><span class=\"html-span xdj266r x11i5rnm xat24cr x1mh8g0r xexx8yu x4uap5 x18d9i69 xkhd6sd x1hl2dhg x16tdsg8 x1vvkbs\"><span aria-hidden=\"true\">\u00a0<\/span><\/span><\/div>\n<\/div>\n<\/div>\n<\/div>\n<\/div>\n<div class=\"html-div xdj266r x11i5rnm xat24cr x1mh8g0r xexx8yu x4uap5 x18d9i69 xkhd6sd\" dir=\"auto\">\n<div class=\"html-div xdj266r x11i5rnm xat24cr x1mh8g0r xexx8yu x4uap5 x18d9i69 xkhd6sd\" dir=\"auto\">\n<div class=\"html-div xdj266r x11i5rnm xat24cr x1mh8g0r xexx8yu x4uap5 x18d9i69 xkhd6sd\" data-ad-rendering-role=\"story_message\">\n<div class=\"x1l90r2v x1iorvi4 x1ye3gou xn6708d\" data-ad-comet-preview=\"message\" data-ad-preview=\"message\">\n<div class=\"x78zum5 xdt5ytf xz62fqu x16ldp7u\">\n<div class=\"xu06os2 x1ok221b\">\n<div class=\"xdj266r x11i5rnm xat24cr x1mh8g0r x1vvkbs x126k92a\">\n<div dir=\"auto\"><span class=\"html-span xexx8yu x4uap5 x18d9i69 xkhd6sd x1hl2dhg x16tdsg8 x1vvkbs x3nfvp2 x1j61x8r x1fcty0u xdj266r xat24cr xgzva0m xhhsvwb xxymvpz xlup9mm x1kky2od\"><img decoding=\"async\" class=\"xz74otr x168nmei x13lgxp2 x5pf9jr xo71vjh\" src=\"https:\/\/static.xx.fbcdn.net\/images\/emoji.php\/v9\/t74\/1\/16\/1f1eb_1f1f7.png\" alt=\"\ud83c\uddeb\ud83c\uddf7\" width=\"16\" height=\"16\" \/><\/span> Coupe de France Benjamins <span class=\"html-span xexx8yu x4uap5 x18d9i69 xkhd6sd x1hl2dhg x16tdsg8 x1vvkbs x3nfvp2 x1j61x8r x1fcty0u xdj266r xat24cr xgzva0m xhhsvwb xxymvpz xlup9mm x1kky2od\"><img decoding=\"async\" class=\"xz74otr x168nmei x13lgxp2 x5pf9jr xo71vjh\" src=\"https:\/\/static.xx.fbcdn.net\/images\/emoji.php\/v9\/t74\/1\/16\/1f1eb_1f1f7.png\" alt=\"\ud83c\uddeb\ud83c\uddf7\" width=\"16\" height=\"16\" \/><\/span><\/div>\n<div dir=\"auto\">L\u2019AKSE Ivry-la-Bataille fi\u00e8rement repr\u00e9sent\u00e9 \u00e0 Verquin ! <span class=\"html-span xexx8yu x4uap5 x18d9i69 xkhd6sd x1hl2dhg x16tdsg8 x1vvkbs x3nfvp2 x1j61x8r x1fcty0u xdj266r xat24cr xgzva0m xhhsvwb xxymvpz xlup9mm x1kky2od\"><img decoding=\"async\" class=\"xz74otr x168nmei x13lgxp2 x5pf9jr xo71vjh\" src=\"https:\/\/static.xx.fbcdn.net\/images\/emoji.php\/v9\/t34\/1\/16\/1f44a_1f3fb.png\" alt=\"\ud83d\udc4a\ud83c\udffb\" width=\"16\" height=\"16\" \/><\/span><\/div>\n<\/div>\n<div class=\"x11i5rnm xat24cr x1mh8g0r x1vvkbs xtlvy1s x126k92a\">\n<div dir=\"auto\">Les 10 et 11 mai 2025, Verquin (62) accueillait la Coupe de France Benjamins, organis\u00e9e par la F\u00e9d\u00e9ration Fran\u00e7aise de Karat\u00e9 (FFK). Un rendez-vous national majeur pour les jeunes comp\u00e9titeurs, accessible uniquement apr\u00e8s un parcours exigeant de qualifications d\u00e9partementales et r\u00e9gionales.<\/div>\n<\/div>\n<div class=\"x11i5rnm xat24cr x1mh8g0r x1vvkbs xtlvy1s x126k92a\">\n<div dir=\"auto\">Le club AKSE Ivry-la-Bataille a eu l\u2019honneur d\u2019y engager trois athl\u00e8tes, tous form\u00e9s au sein du club par Pierre Penneman, coach et entra\u00eeneur, dont le travail, la rigueur et la passion portent aujourd\u2019hui leurs fruits.<\/div>\n<div dir=\"auto\">\u2022 En benjamine -35 kg, Laila Cappeliez s\u2019est battue avec courage et s\u2019est inclin\u00e9e en huiti\u00e8me de finale apr\u00e8s un tr\u00e8s beau parcours.<\/div>\n<div dir=\"auto\">\u2022 En benjamine -40 kg, Selin Bayraktar livre un combat intense d\u00e8s le premier tour, s\u2019inclinant de justesse dans une rencontre tr\u00e8s disput\u00e9e.<\/div>\n<\/div>\n<div class=\"x11i5rnm xat24cr x1mh8g0r x1vvkbs xtlvy1s x126k92a\">\n<div dir=\"auto\">La belle surprise du week-end vient de Maurice Eiyan, qui monte sur la troisi\u00e8me marche du podium. Une m\u00e9daille de bronze bien m\u00e9rit\u00e9e, reflet de son talent, de sa discipline et du travail accompli en amont.<\/div>\n<\/div>\n<div class=\"x11i5rnm xat24cr x1mh8g0r x1vvkbs xtlvy1s x126k92a\">\n<div dir=\"auto\">Cette comp\u00e9tition fut \u00e9galement marqu\u00e9e par la pr\u00e9sence pr\u00e9cieuse de Amanda, directrice sportive du club, qui a accompagn\u00e9 et soutenu les jeunes tout au long du week-end avec \u00e9nergie, professionnalisme et bienveillance.<\/div>\n<\/div>\n<div class=\"x11i5rnm xat24cr x1mh8g0r x1vvkbs xtlvy1s x126k92a\">\n<div dir=\"auto\">Enfin, un grand merci \u00e0 Sophie Carr\u00e9, pr\u00e9sidente de l\u2019AKSE Ivry-la-Bataille, pour son engagement permanent et son r\u00f4le essentiel dans le d\u00e9veloppement du club, m\u00eame si elle n\u2019a pas pu \u00eatre pr\u00e9sente sur cette comp\u00e9tition.<\/div>\n<\/div>\n<div class=\"x11i5rnm xat24cr x1mh8g0r x1vvkbs xtlvy1s x126k92a\">\n<div dir=\"auto\">Bravo \u00e0 nos trois comp\u00e9titeurs, \u00e0 leur entra\u00eeneur Pierre Penneman, et \u00e0 toute l\u2019\u00e9quipe encadrante pour cette belle repr\u00e9sentation du club sur la sc\u00e8ne nationale !<\/div>\n<div dir=\"auto\"><a href=\"https:\/\/sites.ffkarate.fr\/normandie\/wp-content\/uploads\/sites\/117\/2025\/05\/494261117_1180507107199704_7746159953647270802_n.jpg\"><img decoding=\"async\" class=\"alignnone size-full wp-image-10672\" src=\"https:\/\/sites.ffkarate.fr\/normandie\/wp-content\/uploads\/sites\/117\/2025\/05\/494261117_1180507107199704_7746159953647270802_n.jpg\" alt=\"\" width=\"526\" height=\"1138\" srcset=\"https:\/\/sites.ffkarate.fr\/normandie\/wp-content\/uploads\/sites\/117\/2025\/05\/494261117_1180507107199704_7746159953647270802_n.jpg 526w, https:\/\/sites.ffkarate.fr\/normandie\/wp-content\/uploads\/sites\/117\/2025\/05\/494261117_1180507107199704_7746159953647270802_n-139x300.jpg 139w, https:\/\/sites.ffkarate.fr\/normandie\/wp-content\/uploads\/sites\/117\/2025\/05\/494261117_1180507107199704_7746159953647270802_n-473x1024.jpg 473w\" sizes=\"(max-width: 526px) 100vw, 526px\" \/><\/a><\/div>\n<\/div>\n<\/div>\n<\/div>\n<\/div>\n<\/div>\n<\/div>\n<\/div>\n<\/div>\n<p>[\/vc_column_text][\/vc_column][\/vc_row]<\/p>\n<\/div>","protected":false},"excerpt":{"rendered":"<p>[vc_row][vc_column][vc_column_text] F\u00e9licitations aux comp\u00e9titeurs de l&rsquo;AKSE Ivry-La-Bataille qui se sont bien illustr\u00e9s, ce week-end \u00e0 Verquin, durant cette comp\u00e9tition et en particulier Maurice E\u00efyan qui se hisse sur le podium Bravo \u00e0 eux et au coach pour ce tr\u00e8s beau r\u00e9sultat \u00a0 Coupe de France Benjamins L\u2019AKSE Ivry-la-Bataille fi\u00e8rement repr\u00e9sent\u00e9 \u00e0 Verquin ! Les 10 [&hellip;]<\/p>\n","protected":false},"author":57,"featured_media":10671,"comment_status":"open","ping_status":"open","sticky":false,"template":"","format":"standard","meta":{"footnotes":""},"categories":[10],"tags":[],"class_list":["post-10675","post","type-post","status-publish","format-standard","hentry","category-competitions"],"_links":{"self":[{"href":"https:\/\/sites.ffkarate.fr\/normandie\/wp-json\/wp\/v2\/posts\/10675","targetHints":{"allow":["GET"]}}],"collection":[{"href":"https:\/\/sites.ffkarate.fr\/normandie\/wp-json\/wp\/v2\/posts"}],"about":[{"href":"https:\/\/sites.ffkarate.fr\/normandie\/wp-json\/wp\/v2\/types\/post"}],"author":[{"embeddable":true,"href":"https:\/\/sites.ffkarate.fr\/normandie\/wp-json\/wp\/v2\/users\/57"}],"replies":[{"embeddable":true,"href":"https:\/\/sites.ffkarate.fr\/normandie\/wp-json\/wp\/v2\/comments?post=10675"}],"version-history":[{"count":2,"href":"https:\/\/sites.ffkarate.fr\/normandie\/wp-json\/wp\/v2\/posts\/10675\/revisions"}],"predecessor-version":[{"id":10677,"href":"https:\/\/sites.ffkarate.fr\/normandie\/wp-json\/wp\/v2\/posts\/10675\/revisions\/10677"}],"wp:featuredmedia":[{"embeddable":true,"href":"https:\/\/sites.ffkarate.fr\/normandie\/wp-json\/wp\/v2\/media\/10671"}],"wp:attachment":[{"href":"https:\/\/sites.ffkarate.fr\/normandie\/wp-json\/wp\/v2\/media?parent=10675"}],"wp:term":[{"taxonomy":"category","embeddable":true,"href":"https:\/\/sites.ffkarate.fr\/normandie\/wp-json\/wp\/v2\/categories?post=10675"},{"taxonomy":"post_tag","embeddable":true,"href":"https:\/\/sites.ffkarate.fr\/normandie\/wp-json\/wp\/v2\/tags?post=10675"}],"curies":[{"name":"wp","href":"https:\/\/api.w.org\/{rel}","templated":true}]}}