{"id":11363,"date":"2026-02-10T10:52:40","date_gmt":"2026-02-10T09:52:40","guid":{"rendered":"https:\/\/sites.ffkarate.fr\/normandie\/?p=11363"},"modified":"2026-02-12T11:16:42","modified_gmt":"2026-02-12T10:16:42","slug":"open-de-londres-karate-kyokushin","status":"publish","type":"post","link":"https:\/\/sites.ffkarate.fr\/normandie\/2026\/02\/10\/open-de-londres-karate-kyokushin\/","title":{"rendered":"OPEN DE LONDRES &#8211; KARATE KYOKUSHIN"},"content":{"rendered":"<div class=\"wpb-content-wrapper\"><p>[vc_row][vc_column][vc_column_text]<\/p>\n<div class=\"x14z9mp xat24cr x1lziwak x1vvkbs xtlvy1s x126k92a\">\n<div dir=\"auto\">La capitale britannique a accueilli plus de 300 comp\u00e9titeurs, venus du Japon, d\u2019Espagne, d\u2019Arabie saoudite, et de douze autres pays, ce week-end.<\/div>\n<\/div>\n<div class=\"x14z9mp xat24cr x1lziwak x1vvkbs xtlvy1s x126k92a\">\n<div dir=\"auto\">Les normands du Dojo de Bayeux, emmen\u00e9s par <span class=\"html-span xdj266r x14z9mp xat24cr x1lziwak xexx8yu xyri2b x18d9i69 x1c1uobl x1hl2dhg x16tdsg8 x1vvkbs\"><a class=\"x1i10hfl xjbqb8w x1ejq31n x18oe1m7 x1sy0etr xstzfhl x972fbf x10w94by x1qhh985 x14e42zd x9f619 x1ypdohk xt0psk2 x3ct3a4 xdj266r x14z9mp xat24cr x1lziwak xexx8yu xyri2b x18d9i69 x1c1uobl x16tdsg8 x1hl2dhg xggy1nq x1a2a7pz xkrqix3 x1sur9pj x1fey0fg x1s688f\" role=\"link\" href=\"https:\/\/www.facebook.com\/celtic.kyokushin?__cft__[0]=AZYP5ZxZZBUFM618nNZg-nP8FQE1Bz2ZQ6fQlqnkeGOIygoUFMqQ80-gqhLbWbUXguGBqOHvpsO6jI2dR3sMaqrwH7-RAE2lt-ZbpwbPlCiDyvT8iwR7CIwjHHNdTXffZpuMRBt7Qtvd7MsIomwfee9s&amp;__tn__=-]K-R\" target=\"_blank\" rel=\"noopener\"><span class=\"xt0psk2\"><span class=\"xjp7ctv\">Franck Peretel<\/span><\/span><\/a><\/span>, \u00e9taient de la partie. Ils ont obtenu de tr\u00e8s beaux r\u00e9sultats !<\/div>\n<\/div>\n<div class=\"x14z9mp xat24cr x1lziwak x1vvkbs xtlvy1s x126k92a\">\n<div dir=\"auto\">Chris LAMOTTE termine non class\u00e9e dans la cat\u00e9gorie Fille 10-11 ans +40kg<\/div>\n<div dir=\"auto\">Charlie PUPIN termine 3e de la cat\u00e9gorie Fille 12-13 ans -40kg<\/div>\n<div dir=\"auto\">Jorys LENOUVEL termine 4e dans la cat\u00e9gorie Gar\u00e7on 12-13 ans -45kg<\/div>\n<div dir=\"auto\">Isa\u00efe VENARA termine non class\u00e9 dans la cat\u00e9gorie Gar\u00e7on 12-13 ans -45kg<\/div>\n<div dir=\"auto\">Malo LEVEQUE termine non class\u00e9 dans la cat\u00e9gorie Gar\u00e7ons 12-13 ans +60kg<\/div>\n<div dir=\"auto\">Olivier LEWICKI prend la 2e place dans la cat\u00e9gorie Gar\u00e7on 12-13 ans +50kg<\/div>\n<div dir=\"auto\">L\u00e9o LECERF se hisse sur la premi\u00e8re marche du podium dans la cat\u00e9gorie Gar\u00e7on 12-13 ans +70kg<\/div>\n<div dir=\"auto\">Lysandre LECONTE-THEOFROY termine non class\u00e9 dans la cat\u00e9gorie Gar\u00e7ons 14-15 -65kg<\/div>\n<div dir=\"auto\">Lydie JAME finis 2e de la cat\u00e9gorie V\u00e9t\u00e9rans Femmes +65kg<\/div>\n<div dir=\"auto\">Damien BOYER termine non class\u00e9 dans la cat\u00e9gorie V\u00e9t\u00e9rans Hommes -85kg<\/div>\n<div dir=\"auto\">Emil LEWICKI termine 4e de la cat\u00e9gorie Kata Gar\u00e7on 10-11 ans<\/div>\n<div dir=\"auto\">Svetlana PERETEL prend la 4e place dans la cat\u00e9gorie Kata S\u00e9nior Femmes<\/div>\n<\/div>\n<div class=\"x14z9mp xat24cr x1lziwak x1vvkbs xtlvy1s x126k92a\">\n<div dir=\"auto\">F\u00e9licitations \u00e0 la team <span class=\"html-span xdj266r x14z9mp xat24cr x1lziwak xexx8yu xyri2b x18d9i69 x1c1uobl x1hl2dhg x16tdsg8 x1vvkbs\"><a class=\"x1i10hfl xjbqb8w x1ejq31n x18oe1m7 x1sy0etr xstzfhl x972fbf x10w94by x1qhh985 x14e42zd x9f619 x1ypdohk xt0psk2 x3ct3a4 xdj266r x14z9mp xat24cr x1lziwak xexx8yu xyri2b x18d9i69 x1c1uobl x16tdsg8 x1hl2dhg xggy1nq x1a2a7pz xkrqix3 x1sur9pj x1fey0fg x1s688f\" role=\"link\" href=\"https:\/\/www.facebook.com\/bassenormandiekyokushin?__cft__[0]=AZYP5ZxZZBUFM618nNZg-nP8FQE1Bz2ZQ6fQlqnkeGOIygoUFMqQ80-gqhLbWbUXguGBqOHvpsO6jI2dR3sMaqrwH7-RAE2lt-ZbpwbPlCiDyvT8iwR7CIwjHHNdTXffZpuMRBt7Qtvd7MsIomwfee9s&amp;__tn__=-]K-R\" target=\"_blank\" rel=\"noopener\"><span class=\"xt0psk2\"><span class=\"xjp7ctv\">Basse Normandie Kyokushin<\/span><\/span><\/a><\/span> pour ces belles performances <span class=\"html-span xexx8yu xyri2b x18d9i69 x1c1uobl x1hl2dhg x16tdsg8 x1vvkbs x3nfvp2 x1j61x8r x1fcty0u xdj266r xat24cr xm2jcoa x1mpyi22 xxymvpz xlup9mm x1kky2od\"><img decoding=\"async\" class=\"xz74otr x15mokao x1ga7v0g x16uus16 xbiv7yw\" src=\"https:\/\/static.xx.fbcdn.net\/images\/emoji.php\/v9\/tfe\/1\/16\/1f44f.png\" alt=\"\ud83d\udc4f\" width=\"16\" height=\"16\" \/><\/span><span class=\"html-span xexx8yu xyri2b x18d9i69 x1c1uobl x1hl2dhg x16tdsg8 x1vvkbs x3nfvp2 x1j61x8r x1fcty0u xdj266r xat24cr xm2jcoa x1mpyi22 xxymvpz xlup9mm x1kky2od\"><img decoding=\"async\" class=\"xz74otr x15mokao x1ga7v0g x16uus16 xbiv7yw\" src=\"https:\/\/static.xx.fbcdn.net\/images\/emoji.php\/v9\/tfe\/1\/16\/1f44f.png\" alt=\"\ud83d\udc4f\" width=\"16\" height=\"16\" \/><\/span><span class=\"html-span xexx8yu xyri2b x18d9i69 x1c1uobl x1hl2dhg x16tdsg8 x1vvkbs x3nfvp2 x1j61x8r x1fcty0u xdj266r xat24cr xm2jcoa x1mpyi22 xxymvpz xlup9mm x1kky2od\"><img decoding=\"async\" class=\"xz74otr x15mokao x1ga7v0g x16uus16 xbiv7yw\" src=\"https:\/\/static.xx.fbcdn.net\/images\/emoji.php\/v9\/tfe\/1\/16\/1f44f.png\" alt=\"\ud83d\udc4f\" width=\"16\" height=\"16\" \/><\/span><\/div>\n<\/div>\n<div class=\"x14z9mp xat24cr x1lziwak x1vvkbs xtlvy1s x126k92a\">\n<div dir=\"auto\">RDV est d\u00e9j\u00e0 pris pour l\u2019Open de France 2026 \u00e0 Lyon.<\/div>\n<div dir=\"auto\"><a href=\"https:\/\/sites.ffkarate.fr\/normandie\/wp-content\/uploads\/sites\/117\/2026\/02\/629599554_1533837902081300_5726421412529963320_n.jpg\"><img decoding=\"async\" class=\"alignnone size-full wp-image-11362\" src=\"https:\/\/sites.ffkarate.fr\/normandie\/wp-content\/uploads\/sites\/117\/2026\/02\/629599554_1533837902081300_5726421412529963320_n.jpg\" alt=\"\" width=\"2048\" height=\"1536\" srcset=\"https:\/\/sites.ffkarate.fr\/normandie\/wp-content\/uploads\/sites\/117\/2026\/02\/629599554_1533837902081300_5726421412529963320_n.jpg 2048w, https:\/\/sites.ffkarate.fr\/normandie\/wp-content\/uploads\/sites\/117\/2026\/02\/629599554_1533837902081300_5726421412529963320_n-300x225.jpg 300w, https:\/\/sites.ffkarate.fr\/normandie\/wp-content\/uploads\/sites\/117\/2026\/02\/629599554_1533837902081300_5726421412529963320_n-1024x768.jpg 1024w, https:\/\/sites.ffkarate.fr\/normandie\/wp-content\/uploads\/sites\/117\/2026\/02\/629599554_1533837902081300_5726421412529963320_n-768x576.jpg 768w, https:\/\/sites.ffkarate.fr\/normandie\/wp-content\/uploads\/sites\/117\/2026\/02\/629599554_1533837902081300_5726421412529963320_n-1536x1152.jpg 1536w, https:\/\/sites.ffkarate.fr\/normandie\/wp-content\/uploads\/sites\/117\/2026\/02\/629599554_1533837902081300_5726421412529963320_n-400x300.jpg 400w\" sizes=\"(max-width: 2048px) 100vw, 2048px\" \/><\/a><\/div>\n<\/div>\n<p>[\/vc_column_text][\/vc_column][\/vc_row]<\/p>\n<\/div>","protected":false},"excerpt":{"rendered":"<p>[vc_row][vc_column][vc_column_text] La capitale britannique a accueilli plus de 300 comp\u00e9titeurs, venus du Japon, d\u2019Espagne, d\u2019Arabie saoudite, et de douze autres pays, ce week-end. Les normands du Dojo de Bayeux, emmen\u00e9s par Franck Peretel, \u00e9taient de la partie. Ils ont obtenu de tr\u00e8s beaux r\u00e9sultats ! Chris LAMOTTE termine non class\u00e9e dans la cat\u00e9gorie Fille 10-11 [&hellip;]<\/p>\n","protected":false},"author":57,"featured_media":11127,"comment_status":"open","ping_status":"open","sticky":false,"template":"","format":"standard","meta":{"footnotes":""},"categories":[78],"tags":[],"class_list":["post-11363","post","type-post","status-publish","format-standard","hentry","category-karate-kyokushin"],"_links":{"self":[{"href":"https:\/\/sites.ffkarate.fr\/normandie\/wp-json\/wp\/v2\/posts\/11363","targetHints":{"allow":["GET"]}}],"collection":[{"href":"https:\/\/sites.ffkarate.fr\/normandie\/wp-json\/wp\/v2\/posts"}],"about":[{"href":"https:\/\/sites.ffkarate.fr\/normandie\/wp-json\/wp\/v2\/types\/post"}],"author":[{"embeddable":true,"href":"https:\/\/sites.ffkarate.fr\/normandie\/wp-json\/wp\/v2\/users\/57"}],"replies":[{"embeddable":true,"href":"https:\/\/sites.ffkarate.fr\/normandie\/wp-json\/wp\/v2\/comments?post=11363"}],"version-history":[{"count":5,"href":"https:\/\/sites.ffkarate.fr\/normandie\/wp-json\/wp\/v2\/posts\/11363\/revisions"}],"predecessor-version":[{"id":11372,"href":"https:\/\/sites.ffkarate.fr\/normandie\/wp-json\/wp\/v2\/posts\/11363\/revisions\/11372"}],"wp:featuredmedia":[{"embeddable":true,"href":"https:\/\/sites.ffkarate.fr\/normandie\/wp-json\/wp\/v2\/media\/11127"}],"wp:attachment":[{"href":"https:\/\/sites.ffkarate.fr\/normandie\/wp-json\/wp\/v2\/media?parent=11363"}],"wp:term":[{"taxonomy":"category","embeddable":true,"href":"https:\/\/sites.ffkarate.fr\/normandie\/wp-json\/wp\/v2\/categories?post=11363"},{"taxonomy":"post_tag","embeddable":true,"href":"https:\/\/sites.ffkarate.fr\/normandie\/wp-json\/wp\/v2\/tags?post=11363"}],"curies":[{"name":"wp","href":"https:\/\/api.w.org\/{rel}","templated":true}]}}