{"id":11375,"date":"2026-02-12T14:15:40","date_gmt":"2026-02-12T13:15:40","guid":{"rendered":"https:\/\/sites.ffkarate.fr\/normandie\/?p=11375"},"modified":"2026-02-12T14:17:40","modified_gmt":"2026-02-12T13:17:40","slug":"anniversaire-au-karate-club-de-sotteville-les-rouen","status":"publish","type":"post","link":"https:\/\/sites.ffkarate.fr\/normandie\/2026\/02\/12\/anniversaire-au-karate-club-de-sotteville-les-rouen\/","title":{"rendered":"ANNIVERSAIRE AU KARATE CLUB DE SOTTEVILLE-LES-ROUEN"},"content":{"rendered":"<div class=\"wpb-content-wrapper\"><p>[vc_row][vc_column][vc_column_text]<\/p>\n<div class=\"xdj266r x14z9mp xat24cr x1lziwak x1vvkbs x126k92a\">\n<div dir=\"auto\">JOYEUX ANNIVERSAIRE AU KARATE CLUB DE SOTTEVILLE-LES-ROUEN <span class=\"html-span xexx8yu xyri2b x18d9i69 x1c1uobl x1hl2dhg x16tdsg8 x1vvkbs x3nfvp2 x1j61x8r x1fcty0u xdj266r xat24cr xm2jcoa x1mpyi22 xxymvpz xlup9mm x1kky2od\"><img decoding=\"async\" class=\"xz74otr x15mokao x1ga7v0g x16uus16 xbiv7yw\" src=\"https:\/\/static.xx.fbcdn.net\/images\/emoji.php\/v9\/t6d\/1\/16\/1f973.png\" alt=\"\ud83e\udd73\" width=\"16\" height=\"16\" \/><\/span><span class=\"html-span xexx8yu xyri2b x18d9i69 x1c1uobl x1hl2dhg x16tdsg8 x1vvkbs x3nfvp2 x1j61x8r x1fcty0u xdj266r xat24cr xm2jcoa x1mpyi22 xxymvpz xlup9mm x1kky2od\"><img decoding=\"async\" class=\"xz74otr x15mokao x1ga7v0g x16uus16 xbiv7yw\" src=\"https:\/\/static.xx.fbcdn.net\/images\/emoji.php\/v9\/t58\/1\/16\/1f929.png\" alt=\"\ud83e\udd29\" width=\"16\" height=\"16\" \/><\/span><span class=\"html-span xexx8yu xyri2b x18d9i69 x1c1uobl x1hl2dhg x16tdsg8 x1vvkbs x3nfvp2 x1j61x8r x1fcty0u xdj266r xat24cr xm2jcoa x1mpyi22 xxymvpz xlup9mm x1kky2od\"><img decoding=\"async\" class=\"xz74otr x15mokao x1ga7v0g x16uus16 xbiv7yw\" src=\"https:\/\/static.xx.fbcdn.net\/images\/emoji.php\/v9\/t5\/1\/16\/1f382.png\" alt=\"\ud83c\udf82\" width=\"16\" height=\"16\" \/><\/span><span class=\"html-span xexx8yu xyri2b x18d9i69 x1c1uobl x1hl2dhg x16tdsg8 x1vvkbs x3nfvp2 x1j61x8r x1fcty0u xdj266r xat24cr xm2jcoa x1mpyi22 xxymvpz xlup9mm x1kky2od\"><img decoding=\"async\" class=\"xz74otr x15mokao x1ga7v0g x16uus16 xbiv7yw\" src=\"https:\/\/static.xx.fbcdn.net\/images\/emoji.php\/v9\/t19\/1\/16\/1f37e.png\" alt=\"\ud83c\udf7e\" width=\"16\" height=\"16\" \/><\/span><span class=\"html-span xexx8yu xyri2b x18d9i69 x1c1uobl x1hl2dhg x16tdsg8 x1vvkbs x3nfvp2 x1j61x8r x1fcty0u xdj266r xat24cr xm2jcoa x1mpyi22 xxymvpz xlup9mm x1kky2od\"><img decoding=\"async\" class=\"xz74otr x15mokao x1ga7v0g x16uus16 xbiv7yw\" src=\"https:\/\/static.xx.fbcdn.net\/images\/emoji.php\/v9\/tf\/1\/16\/1f942.png\" alt=\"\ud83e\udd42\" width=\"16\" height=\"16\" \/><\/span><span class=\"html-span xexx8yu xyri2b x18d9i69 x1c1uobl x1hl2dhg x16tdsg8 x1vvkbs x3nfvp2 x1j61x8r x1fcty0u xdj266r xat24cr xm2jcoa x1mpyi22 xxymvpz xlup9mm x1kky2od\"><img decoding=\"async\" class=\"xz74otr x15mokao x1ga7v0g x16uus16 xbiv7yw\" src=\"https:\/\/static.xx.fbcdn.net\/images\/emoji.php\/v9\/t3f\/1\/16\/1f94b.png\" alt=\"\ud83e\udd4b\" width=\"16\" height=\"16\" \/><\/span><\/div>\n<\/div>\n<div class=\"x14z9mp xat24cr x1lziwak x1vvkbs xtlvy1s x126k92a\">\n<div dir=\"auto\">Hier soir, nous avons eu l&rsquo;immense plaisir de nous associer \u00e0 un moment festif, en compagnie des dirigeants et adh\u00e9rents du Karat\u00e9 Club de Sotteville-L\u00e8s-Rouen ainsi que de repr\u00e9sentants de la municipalit\u00e9.<\/div>\n<\/div>\n<div class=\"x14z9mp xat24cr x1lziwak x1vvkbs xtlvy1s x126k92a\">\n<div dir=\"auto\">G\u00e9rard DEVILLERS, le \u00ab\u00a0taulier\u00a0\u00bb du club, 7\u00e8me Dan, Expert R\u00e9gional, a d\u00e9but\u00e9 le karat\u00e9 au CSMPQ. Il a ouvert le club en 1986.<\/div>\n<\/div>\n<div class=\"x14z9mp xat24cr x1lziwak x1vvkbs xtlvy1s x126k92a\">\n<div dir=\"auto\">Du fait de sa localisation historique, les premi\u00e8res ann\u00e9es n&rsquo;ont pas \u00e9t\u00e9 de tout repos. G\u00e9rard nous a fait part de croustillantes anecdotes entourant son installation.<\/div>\n<\/div>\n<div class=\"x14z9mp xat24cr x1lziwak x1vvkbs xtlvy1s x126k92a\">\n<div dir=\"auto\">Avec plus d&rsquo;une centaine de licenci\u00e9s, aujourd&rsquo;hui le club se porte bien et compte m\u00eame dans ses rangs, une quarantaine de ceintures noires en activit\u00e9.<\/div>\n<\/div>\n<div class=\"x14z9mp xat24cr x1lziwak x1vvkbs xtlvy1s x126k92a\">\n<div dir=\"auto\">Une belle \u00e9quipe, dont la Pr\u00e9sidente Lydia DEVILLERS, 6\u00e8me Dan, veille \u00e0 la qualit\u00e9 technique, marque de fabrique du club, connue et reconnue par les pratiquants de la discipline <span class=\"html-span xexx8yu xyri2b x18d9i69 x1c1uobl x1hl2dhg x16tdsg8 x1vvkbs x3nfvp2 x1j61x8r x1fcty0u xdj266r xat24cr xm2jcoa x1mpyi22 xxymvpz xlup9mm x1kky2od\"><img decoding=\"async\" class=\"xz74otr x15mokao x1ga7v0g x16uus16 xbiv7yw\" src=\"https:\/\/static.xx.fbcdn.net\/images\/emoji.php\/v9\/td1\/1\/16\/1f647.png\" alt=\"\ud83d\ude47\" width=\"16\" height=\"16\" \/><\/span><span class=\"html-span xexx8yu xyri2b x18d9i69 x1c1uobl x1hl2dhg x16tdsg8 x1vvkbs x3nfvp2 x1j61x8r x1fcty0u xdj266r xat24cr xm2jcoa x1mpyi22 xxymvpz xlup9mm x1kky2od\"><img decoding=\"async\" class=\"xz74otr x15mokao x1ga7v0g x16uus16 xbiv7yw\" src=\"https:\/\/static.xx.fbcdn.net\/images\/emoji.php\/v9\/tbf\/1\/16\/1f647_200d_2640.png\" alt=\"\ud83d\ude47\u200d\u2640\ufe0f\" width=\"16\" height=\"16\" \/><\/span><span class=\"html-span xexx8yu xyri2b x18d9i69 x1c1uobl x1hl2dhg x16tdsg8 x1vvkbs x3nfvp2 x1j61x8r x1fcty0u xdj266r xat24cr xm2jcoa x1mpyi22 xxymvpz xlup9mm x1kky2od\"><img decoding=\"async\" class=\"xz74otr x15mokao x1ga7v0g x16uus16 xbiv7yw\" src=\"https:\/\/static.xx.fbcdn.net\/images\/emoji.php\/v9\/tc1\/1\/16\/1f647_200d_2642.png\" alt=\"\ud83d\ude47\u200d\u2642\ufe0f\" width=\"16\" height=\"16\" \/><\/span><\/div>\n<div dir=\"auto\"><a href=\"https:\/\/sites.ffkarate.fr\/normandie\/wp-content\/uploads\/sites\/117\/2026\/02\/631751734_1213029397477378_537897479526370287_n-1.jpg\"><img decoding=\"async\" class=\"alignnone size-full wp-image-11374\" src=\"https:\/\/sites.ffkarate.fr\/normandie\/wp-content\/uploads\/sites\/117\/2026\/02\/631751734_1213029397477378_537897479526370287_n-1.jpg\" alt=\"\" width=\"1244\" height=\"540\" srcset=\"https:\/\/sites.ffkarate.fr\/normandie\/wp-content\/uploads\/sites\/117\/2026\/02\/631751734_1213029397477378_537897479526370287_n-1.jpg 1244w, https:\/\/sites.ffkarate.fr\/normandie\/wp-content\/uploads\/sites\/117\/2026\/02\/631751734_1213029397477378_537897479526370287_n-1-300x130.jpg 300w, https:\/\/sites.ffkarate.fr\/normandie\/wp-content\/uploads\/sites\/117\/2026\/02\/631751734_1213029397477378_537897479526370287_n-1-1024x445.jpg 1024w, https:\/\/sites.ffkarate.fr\/normandie\/wp-content\/uploads\/sites\/117\/2026\/02\/631751734_1213029397477378_537897479526370287_n-1-768x333.jpg 768w\" sizes=\"(max-width: 1244px) 100vw, 1244px\" \/><\/a><\/div>\n<\/div>\n<p>[\/vc_column_text][\/vc_column][\/vc_row]<\/p>\n<\/div>","protected":false},"excerpt":{"rendered":"<p>[vc_row][vc_column][vc_column_text] JOYEUX ANNIVERSAIRE AU KARATE CLUB DE SOTTEVILLE-LES-ROUEN Hier soir, nous avons eu l&rsquo;immense plaisir de nous associer \u00e0 un moment festif, en compagnie des dirigeants et adh\u00e9rents du Karat\u00e9 Club de Sotteville-L\u00e8s-Rouen ainsi que de repr\u00e9sentants de la municipalit\u00e9. G\u00e9rard DEVILLERS, le \u00ab\u00a0taulier\u00a0\u00bb du club, 7\u00e8me Dan, Expert R\u00e9gional, a d\u00e9but\u00e9 le karat\u00e9 au [&hellip;]<\/p>\n","protected":false},"author":57,"featured_media":130,"comment_status":"open","ping_status":"open","sticky":false,"template":"","format":"standard","meta":{"footnotes":""},"categories":[1],"tags":[],"class_list":["post-11375","post","type-post","status-publish","format-standard","hentry","category-non-classe"],"_links":{"self":[{"href":"https:\/\/sites.ffkarate.fr\/normandie\/wp-json\/wp\/v2\/posts\/11375","targetHints":{"allow":["GET"]}}],"collection":[{"href":"https:\/\/sites.ffkarate.fr\/normandie\/wp-json\/wp\/v2\/posts"}],"about":[{"href":"https:\/\/sites.ffkarate.fr\/normandie\/wp-json\/wp\/v2\/types\/post"}],"author":[{"embeddable":true,"href":"https:\/\/sites.ffkarate.fr\/normandie\/wp-json\/wp\/v2\/users\/57"}],"replies":[{"embeddable":true,"href":"https:\/\/sites.ffkarate.fr\/normandie\/wp-json\/wp\/v2\/comments?post=11375"}],"version-history":[{"count":2,"href":"https:\/\/sites.ffkarate.fr\/normandie\/wp-json\/wp\/v2\/posts\/11375\/revisions"}],"predecessor-version":[{"id":11377,"href":"https:\/\/sites.ffkarate.fr\/normandie\/wp-json\/wp\/v2\/posts\/11375\/revisions\/11377"}],"wp:featuredmedia":[{"embeddable":true,"href":"https:\/\/sites.ffkarate.fr\/normandie\/wp-json\/wp\/v2\/media\/130"}],"wp:attachment":[{"href":"https:\/\/sites.ffkarate.fr\/normandie\/wp-json\/wp\/v2\/media?parent=11375"}],"wp:term":[{"taxonomy":"category","embeddable":true,"href":"https:\/\/sites.ffkarate.fr\/normandie\/wp-json\/wp\/v2\/categories?post=11375"},{"taxonomy":"post_tag","embeddable":true,"href":"https:\/\/sites.ffkarate.fr\/normandie\/wp-json\/wp\/v2\/tags?post=11375"}],"curies":[{"name":"wp","href":"https:\/\/api.w.org\/{rel}","templated":true}]}}