{"id":11385,"date":"2026-02-15T12:14:10","date_gmt":"2026-02-15T11:14:10","guid":{"rendered":"https:\/\/sites.ffkarate.fr\/normandie\/?p=11385"},"modified":"2026-02-15T12:16:25","modified_gmt":"2026-02-15T11:16:25","slug":"assemblee-generale-federale-qui-sest-tenue-ce-jour-au-cnosf","status":"publish","type":"post","link":"https:\/\/sites.ffkarate.fr\/normandie\/2026\/02\/15\/assemblee-generale-federale-qui-sest-tenue-ce-jour-au-cnosf\/","title":{"rendered":"Assembl\u00e9e G\u00e9n\u00e9rale F\u00e9d\u00e9rale qui s\\&rsquo;est tenue ce jour au CNOSF."},"content":{"rendered":"<div class=\"wpb-content-wrapper\"><p>[vc_row][vc_column][vc_column_text]Quelques uns des repr\u00e9sentants des clubs de Normandie, \u00e0 l&rsquo;occasion de l&rsquo;Assembl\u00e9e G\u00e9n\u00e9rale F\u00e9d\u00e9rale qui s&rsquo;est tenue ce jour au CNOSF.<\/p>\n<p>&nbsp;<\/p>\n<p><a href=\"https:\/\/sites.ffkarate.fr\/normandie\/wp-content\/uploads\/sites\/117\/2026\/02\/633799984_1536019645196459_5364323113425540864_n-1.jpg\"><img decoding=\"async\" class=\"alignnone size-full wp-image-11381\" src=\"https:\/\/sites.ffkarate.fr\/normandie\/wp-content\/uploads\/sites\/117\/2026\/02\/633799984_1536019645196459_5364323113425540864_n-1.jpg\" alt=\"\" width=\"720\" height=\"540\" srcset=\"https:\/\/sites.ffkarate.fr\/normandie\/wp-content\/uploads\/sites\/117\/2026\/02\/633799984_1536019645196459_5364323113425540864_n-1.jpg 720w, https:\/\/sites.ffkarate.fr\/normandie\/wp-content\/uploads\/sites\/117\/2026\/02\/633799984_1536019645196459_5364323113425540864_n-1-300x225.jpg 300w, https:\/\/sites.ffkarate.fr\/normandie\/wp-content\/uploads\/sites\/117\/2026\/02\/633799984_1536019645196459_5364323113425540864_n-1-400x300.jpg 400w\" sizes=\"(max-width: 720px) 100vw, 720px\" \/><\/a>[\/vc_column_text][\/vc_column][\/vc_row]<\/p>\n<\/div>","protected":false},"excerpt":{"rendered":"<p>[vc_row][vc_column][vc_column_text]Quelques uns des repr\u00e9sentants des clubs de Normandie, \u00e0 l&rsquo;occasion de l&rsquo;Assembl\u00e9e G\u00e9n\u00e9rale F\u00e9d\u00e9rale qui s&rsquo;est tenue ce jour au CNOSF. &nbsp; [\/vc_column_text][\/vc_column][\/vc_row]<\/p>\n","protected":false},"author":57,"featured_media":72,"comment_status":"open","ping_status":"open","sticky":false,"template":"","format":"standard","meta":{"footnotes":""},"categories":[1],"tags":[],"class_list":["post-11385","post","type-post","status-publish","format-standard","hentry","category-non-classe"],"_links":{"self":[{"href":"https:\/\/sites.ffkarate.fr\/normandie\/wp-json\/wp\/v2\/posts\/11385","targetHints":{"allow":["GET"]}}],"collection":[{"href":"https:\/\/sites.ffkarate.fr\/normandie\/wp-json\/wp\/v2\/posts"}],"about":[{"href":"https:\/\/sites.ffkarate.fr\/normandie\/wp-json\/wp\/v2\/types\/post"}],"author":[{"embeddable":true,"href":"https:\/\/sites.ffkarate.fr\/normandie\/wp-json\/wp\/v2\/users\/57"}],"replies":[{"embeddable":true,"href":"https:\/\/sites.ffkarate.fr\/normandie\/wp-json\/wp\/v2\/comments?post=11385"}],"version-history":[{"count":2,"href":"https:\/\/sites.ffkarate.fr\/normandie\/wp-json\/wp\/v2\/posts\/11385\/revisions"}],"predecessor-version":[{"id":11387,"href":"https:\/\/sites.ffkarate.fr\/normandie\/wp-json\/wp\/v2\/posts\/11385\/revisions\/11387"}],"wp:featuredmedia":[{"embeddable":true,"href":"https:\/\/sites.ffkarate.fr\/normandie\/wp-json\/wp\/v2\/media\/72"}],"wp:attachment":[{"href":"https:\/\/sites.ffkarate.fr\/normandie\/wp-json\/wp\/v2\/media?parent=11385"}],"wp:term":[{"taxonomy":"category","embeddable":true,"href":"https:\/\/sites.ffkarate.fr\/normandie\/wp-json\/wp\/v2\/categories?post=11385"},{"taxonomy":"post_tag","embeddable":true,"href":"https:\/\/sites.ffkarate.fr\/normandie\/wp-json\/wp\/v2\/tags?post=11385"}],"curies":[{"name":"wp","href":"https:\/\/api.w.org\/{rel}","templated":true}]}}